{"id":200794,"date":"2022-06-27T19:45:24","date_gmt":"2022-06-27T22:45:24","guid":{"rendered":"https:\/\/diarioregionaldigital.com.br\/?p=200794"},"modified":"2022-06-27T19:45:24","modified_gmt":"2022-06-27T22:45:24","slug":"ppsa-registra-arrecadacao-recorde-para-a-uniao","status":"publish","type":"post","link":"https:\/\/diarioregionaldigital.com.br\/?p=200794","title":{"rendered":"PPSA registra arrecada\u00e7\u00e3o recorde para a Uni\u00e3o"},"content":{"rendered":"<p>Nos seis primeiros meses deste ano, a Pr\u00e9-Sal Petr\u00f3leo (PPSA) arrecadou R$ 1,23 bilh\u00e3o com a comercializa\u00e7\u00e3o da parcela de petr\u00f3leo e g\u00e1s de direito da Uni\u00e3o em contratos de partilha de produ\u00e7\u00e3o.<img decoding=\"async\" src=\"https:\/\/agenciabrasil.ebc.com.br\/ebc.png?id=1467872&amp;o=node\" \/><img decoding=\"async\" src=\"https:\/\/agenciabrasil.ebc.com.br\/ebc.gif?id=1467872&amp;o=node\" \/><\/p>\n<p>Segundo informou a empresa, hoje (27), no Rio de Janeiro, o montante \u00e9 recorde desde a sua cria\u00e7\u00e3o e supera em 1% o valor arrecadado no ano passado (R$ 1,22 bilh\u00e3o).<\/p>\n<p>Criada em novembro de 2013, a Pr\u00e9-Sal Petr\u00f3leo atua na gest\u00e3o dos contratos de partilha de produ\u00e7\u00e3o, gest\u00e3o da comercializa\u00e7\u00e3o de petr\u00f3leo e g\u00e1s natural e a representa\u00e7\u00e3o da Uni\u00e3o nos acordos de unitiza\u00e7\u00e3o ou individualiza\u00e7\u00e3o.<\/p>\n<p>No primeiro semestre de 2022, foi comercializado o petr\u00f3leo dos contratos dos campos de pr\u00e9-sal de Mero, Tupi e Sapinho\u00e1 para a Petrobras, que arrematou as cargas em leil\u00e3o realizado na B3, Bolsa de Valores. Esses campos ficam na Bacia de Santos (SP).<\/p>\n<h2>Volume<\/h2>\n<p>At\u00e9 o fim do ano, est\u00e1 prevista a comercializa\u00e7\u00e3o de 19 cargas de 500 mil barris de petr\u00f3leo cada. Desse total, sete cargas j\u00e1 foram entregues. Entre janeiro e junho, tamb\u00e9m foi comercializado o g\u00e1s natural dos contratos dos campos de pr\u00e9-sal de B\u00fazios, Sapinho\u00e1 e Tupi.<\/p>\n<p>Na avalia\u00e7\u00e3o da PPSA, o resultado obtido no primeiro semestre deste ano confirma o crescimento esperado para a receita da Uni\u00e3o com a comercializa\u00e7\u00e3o de sua parcela nos contratos de partilha de produ\u00e7\u00e3o de petr\u00f3leo. At\u00e9 dezembro pr\u00f3ximo, a expectativa \u00e9 que a arrecada\u00e7\u00e3o alcance perto de R$ 4 bilh\u00f5es. Os recursos s\u00e3o destinados ao Tesouro Nacional.<\/p>\n<p>Desde 2013, a PPSA j\u00e1 arrecadou R$ 5,21 bilh\u00f5es para a Uni\u00e3o, dos quais R$ 3,9 bilh\u00f5es resultaram da comercializa\u00e7\u00e3o e R$ 1,3 bilh\u00e3o da Equaliza\u00e7\u00e3o de Gastos e Volumes (EGV), acerto financeiro decorrente dos Acordos de Individualiza\u00e7\u00e3o da Produ\u00e7\u00e3o de Sapinho\u00e1, Tupi e Tartaruga Verde.<\/p>\n<p><span style=\"font-weight: 400;\">Fonte: Ag\u00eancia Brasil <\/span><\/p>\n","protected":false},"excerpt":{"rendered":"<p>Nos seis primeiros meses deste ano, a Pr\u00e9-Sal Petr\u00f3leo (PPSA) arrecadou R$ 1,23 bilh\u00e3o com a comercializa\u00e7\u00e3o da parcela de petr\u00f3leo e g\u00e1s de direito da Uni\u00e3o em contratos de partilha de produ\u00e7\u00e3o. Segundo informou a empresa, hoje (27), no Rio de Janeiro, o montante \u00e9 recorde desde a sua cria\u00e7\u00e3o e supera em 1% [&hellip;]<\/p>\n","protected":false},"author":246,"featured_media":200795,"comment_status":"closed","ping_status":"closed","sticky":false,"template":"","format":"standard","meta":{"footnotes":""},"categories":[436,440,261,439],"tags":[],"class_list":["post-200794","post","type-post","status-publish","format-standard","has-post-thumbnail","hentry","category-destaque-da-semana","category-destaques-do-dia","category-economia","category-ultima-hora"],"_links":{"self":[{"href":"https:\/\/diarioregionaldigital.com.br\/index.php?rest_route=\/wp\/v2\/posts\/200794","targetHints":{"allow":["GET"]}}],"collection":[{"href":"https:\/\/diarioregionaldigital.com.br\/index.php?rest_route=\/wp\/v2\/posts"}],"about":[{"href":"https:\/\/diarioregionaldigital.com.br\/index.php?rest_route=\/wp\/v2\/types\/post"}],"author":[{"embeddable":true,"href":"https:\/\/diarioregionaldigital.com.br\/index.php?rest_route=\/wp\/v2\/users\/246"}],"replies":[{"embeddable":true,"href":"https:\/\/diarioregionaldigital.com.br\/index.php?rest_route=%2Fwp%2Fv2%2Fcomments&post=200794"}],"version-history":[{"count":1,"href":"https:\/\/diarioregionaldigital.com.br\/index.php?rest_route=\/wp\/v2\/posts\/200794\/revisions"}],"predecessor-version":[{"id":200796,"href":"https:\/\/diarioregionaldigital.com.br\/index.php?rest_route=\/wp\/v2\/posts\/200794\/revisions\/200796"}],"wp:featuredmedia":[{"embeddable":true,"href":"https:\/\/diarioregionaldigital.com.br\/index.php?rest_route=\/wp\/v2\/media\/200795"}],"wp:attachment":[{"href":"https:\/\/diarioregionaldigital.com.br\/index.php?rest_route=%2Fwp%2Fv2%2Fmedia&parent=200794"}],"wp:term":[{"taxonomy":"category","embeddable":true,"href":"https:\/\/diarioregionaldigital.com.br\/index.php?rest_route=%2Fwp%2Fv2%2Fcategories&post=200794"},{"taxonomy":"post_tag","embeddable":true,"href":"https:\/\/diarioregionaldigital.com.br\/index.php?rest_route=%2Fwp%2Fv2%2Ftags&post=200794"}],"curies":[{"name":"wp","href":"https:\/\/api.w.org\/{rel}","templated":true}]}}