{"id":200778,"date":"2022-06-24T18:30:52","date_gmt":"2022-06-24T21:30:52","guid":{"rendered":"https:\/\/diarioregionaldigital.com.br\/?p=200778"},"modified":"2022-06-24T18:30:52","modified_gmt":"2022-06-24T21:30:52","slug":"atendendo-demanda-historica-dos-moradores-do-bairro-prefeitura-investe-r-12-milhoes-para-coleta-de-esgoto-em-santa-luzia","status":"publish","type":"post","link":"https:\/\/diarioregionaldigital.com.br\/?p=200778","title":{"rendered":"Atendendo demanda hist\u00f3rica dos moradores do bairro, Prefeitura investe R$ 12 milh\u00f5es para coleta de esgoto em Santa Luzia"},"content":{"rendered":"<p>Segundo informa\u00e7\u00f5es do site da Prefeitura de Juiz de Fora (PJF), na tarde desta sexta-feira, 24, a prefeita Margarida Salom\u00e3o assinou a ordem de servi\u00e7o que d\u00e1 in\u00edcio \u00e0s obras de implanta\u00e7\u00e3o de coletores de esgoto nas margens do C\u00f3rrego Santa Luzia. Parte integrante do projeto de despolui\u00e7\u00e3o do Rio Paraibuna, os trabalhos incluem a instala\u00e7\u00e3o de 7,8 km de redes nas margens direita e esquerda do curso d&#8217;\u00e1gua. O prazo para execu\u00e7\u00e3o da obra \u00e9 de 12 meses, contando com um investimento de cerca de R$ 12,2 milh\u00f5es.<br \/>\nDurante a assinatura, Margarida lembrou que a obra \u00e9 uma demanda antiga dos moradores do bairro Santa Luzia, em virtude dos eventuais transbordamentos e do mau cheiro do c\u00f3rrego local. \u201cEra uma interven\u00e7\u00e3o prevista desde 2006, mas que agora obteve esse avan\u00e7o muito importante, que ir\u00e1 beneficiar tamb\u00e9m os bairros Teixeiras e Ipiranga. Na sequ\u00eancia, ainda iremos nos reunir com essas comunidades para explicar o porqu\u00ea da realiza\u00e7\u00e3o dessa obra\u201d.<br \/>\n\u201cTrata-se de um investimento em sa\u00fade p\u00fablica, que trar\u00e1 mais qualidade de vida e conforto para aqueles que moram no entorno do c\u00f3rrego, que representam cerca de 12% da popula\u00e7\u00e3o de Juiz de Fora. Al\u00e9m disso, \u00e9 uma obra que tamb\u00e9m ajudar\u00e1 a alavancar o nosso tratamento de esgoto, que hoje atinge 31%\u201d, afirmou o diretor-presidente da Companhia de Saneamento Municipal (Cesama), J\u00falio C\u00e9sar Teixeira.<br \/>\nAs interven\u00e7\u00f5es ser\u00e3o realizadas pela RFJ Constru\u00e7\u00e3o. Segundo o diretor da empresa, J\u00falio C\u00e9sar Marques Soares J\u00fanior, a equipe est\u00e1 animada para o novo desafio por j\u00e1 fazer parte da hist\u00f3ria de Juiz de Fora. \u201cParticipamos da implanta\u00e7\u00e3o de Esta\u00e7\u00e3o de Tratamento de \u00c1gua (ETA) CDI da Cesama e agora conclu\u00edmos parte importante dessa primeira etapa das obras de despolui\u00e7\u00e3o do Paraibuna, contribuindo para o \u00edndice atual de 31% de esgoto tratado na cidade\u201d, lembrou.<br \/>\n<strong>Projeto de despolui\u00e7\u00e3o<\/strong><br \/>\nNo anivers\u00e1rio de Juiz de Fora deste ano, em 31 de maio, a PJF inaugurou a esta\u00e7\u00e3o elevat\u00f3ria de esgoto Independ\u00eancia, ao lado do Viaduto Augusto Franco, no Centro e, desde ent\u00e3o, o \u00edndice de tratamento no munic\u00edpio saltou de 7,5% para 31%. A Prefeitura tamb\u00e9m retomou os trabalhos de implanta\u00e7\u00e3o de 3.862 metros de tubula\u00e7\u00f5es do coletor tronco de esgoto do C\u00f3rrego Tapera, que passa pelos bairros Bom Clima, Bandeirantes, Eldorado e Santa Terezinha.<br \/>\nOr\u00e7ado em mais de R$ 130 milh\u00f5es, o conjunto de obras de despolui\u00e7\u00e3o do Rio Paraibuna abrange a implanta\u00e7\u00e3o de 40 mil metros de redes nas margens do rio e interven\u00e7\u00f5es nos c\u00f3rregos Tapera, Matirumbide, Yung, S\u00e3o Pedro e Independ\u00eancia, e a implanta\u00e7\u00e3o de cinco elevat\u00f3rias de esgoto. Al\u00e9m da ETE Uni\u00e3o-Ind\u00fastria, j\u00e1 em opera\u00e7\u00e3o, e da ETE Santa Luzia, que ser\u00e1 constru\u00edda futuramente, a iniciativa ainda inclui a amplia\u00e7\u00e3o da ETE Barbosa Lage.<\/p>\n","protected":false},"excerpt":{"rendered":"<p>Segundo informa\u00e7\u00f5es do site da Prefeitura de Juiz de Fora (PJF), na tarde desta sexta-feira, 24, a prefeita Margarida Salom\u00e3o assinou a ordem de servi\u00e7o que d\u00e1 in\u00edcio \u00e0s obras de implanta\u00e7\u00e3o de coletores de esgoto nas margens do C\u00f3rrego Santa Luzia. Parte integrante do projeto de despolui\u00e7\u00e3o do Rio Paraibuna, os trabalhos incluem a [&hellip;]<\/p>\n","protected":false},"author":246,"featured_media":200779,"comment_status":"closed","ping_status":"closed","sticky":false,"template":"","format":"standard","meta":{"footnotes":""},"categories":[253,436,439],"tags":[],"class_list":["post-200778","post","type-post","status-publish","format-standard","has-post-thumbnail","hentry","category-cidade","category-destaque-da-semana","category-ultima-hora"],"_links":{"self":[{"href":"https:\/\/diarioregionaldigital.com.br\/index.php?rest_route=\/wp\/v2\/posts\/200778","targetHints":{"allow":["GET"]}}],"collection":[{"href":"https:\/\/diarioregionaldigital.com.br\/index.php?rest_route=\/wp\/v2\/posts"}],"about":[{"href":"https:\/\/diarioregionaldigital.com.br\/index.php?rest_route=\/wp\/v2\/types\/post"}],"author":[{"embeddable":true,"href":"https:\/\/diarioregionaldigital.com.br\/index.php?rest_route=\/wp\/v2\/users\/246"}],"replies":[{"embeddable":true,"href":"https:\/\/diarioregionaldigital.com.br\/index.php?rest_route=%2Fwp%2Fv2%2Fcomments&post=200778"}],"version-history":[{"count":1,"href":"https:\/\/diarioregionaldigital.com.br\/index.php?rest_route=\/wp\/v2\/posts\/200778\/revisions"}],"predecessor-version":[{"id":200780,"href":"https:\/\/diarioregionaldigital.com.br\/index.php?rest_route=\/wp\/v2\/posts\/200778\/revisions\/200780"}],"wp:featuredmedia":[{"embeddable":true,"href":"https:\/\/diarioregionaldigital.com.br\/index.php?rest_route=\/wp\/v2\/media\/200779"}],"wp:attachment":[{"href":"https:\/\/diarioregionaldigital.com.br\/index.php?rest_route=%2Fwp%2Fv2%2Fmedia&parent=200778"}],"wp:term":[{"taxonomy":"category","embeddable":true,"href":"https:\/\/diarioregionaldigital.com.br\/index.php?rest_route=%2Fwp%2Fv2%2Fcategories&post=200778"},{"taxonomy":"post_tag","embeddable":true,"href":"https:\/\/diarioregionaldigital.com.br\/index.php?rest_route=%2Fwp%2Fv2%2Ftags&post=200778"}],"curies":[{"name":"wp","href":"https:\/\/api.w.org\/{rel}","templated":true}]}}