{"id":200774,"date":"2022-06-24T18:28:19","date_gmt":"2022-06-24T21:28:19","guid":{"rendered":"https:\/\/diarioregionaldigital.com.br\/?p=200774"},"modified":"2022-06-24T18:28:19","modified_gmt":"2022-06-24T21:28:19","slug":"pista-central-da-avenida-rio-branco-sera-interditada-neste-domingo-26","status":"publish","type":"post","link":"https:\/\/diarioregionaldigital.com.br\/?p=200774","title":{"rendered":"Pista Central da Avenida Rio Branco ser\u00e1 interditada neste domingo, 26"},"content":{"rendered":"<p>Segundo informa\u00e7\u00f5es do site da Prefeitura de Juiz de Fora (PJF), as linhas de \u00f4nibus que circulam pela pista central da Avenida Rio Branco ser\u00e3o desviadas para as pistas laterais da via no pr\u00f3ximo domingo, 26, a partir de 13h, devido a realiza\u00e7\u00e3o de um passeio de skatistas. Todo o trecho entre a Rua Bar\u00e3o de Cataguases e Avenida Dr. Proc\u00f3pio Teixeira ser\u00e1 interditado pela Secretaria de Mobilidade Urbana (SMU), da Prefeitura de Juiz de Fora (PJF). Neste trecho, as linhas de \u00f4nibus v\u00e3o parar em frente aos pontos de \u00f4nibus j\u00e1 existentes.<br \/>\nOs \u00f4nibus que circulam pela Avenida Get\u00falio Vargas n\u00e3o sofrer\u00e3o altera\u00e7\u00e3o de trajeto, podendo acessar a Avenida Rio Branco at\u00e9 a Rua Afonso Pinto da Mota. Para os carros de passeio, n\u00e3o haver\u00e1 interdi\u00e7\u00e3o. Em todos os cruzamentos com a Avenida Rio Branco, no trecho de realiza\u00e7\u00e3o do evento, haver\u00e1 agentes de transporte e tr\u00e2nsito para realizar as travessias. Os motoristas devem ficar atentos.<\/p>\n","protected":false},"excerpt":{"rendered":"<p>Segundo informa\u00e7\u00f5es do site da Prefeitura de Juiz de Fora (PJF), as linhas de \u00f4nibus que circulam pela pista central da Avenida Rio Branco ser\u00e3o desviadas para as pistas laterais da via no pr\u00f3ximo domingo, 26, a partir de 13h, devido a realiza\u00e7\u00e3o de um passeio de skatistas. Todo o trecho entre a Rua Bar\u00e3o [&hellip;]<\/p>\n","protected":false},"author":246,"featured_media":200775,"comment_status":"closed","ping_status":"closed","sticky":false,"template":"","format":"standard","meta":{"footnotes":""},"categories":[436,439],"tags":[],"class_list":["post-200774","post","type-post","status-publish","format-standard","has-post-thumbnail","hentry","category-destaque-da-semana","category-ultima-hora"],"_links":{"self":[{"href":"https:\/\/diarioregionaldigital.com.br\/index.php?rest_route=\/wp\/v2\/posts\/200774","targetHints":{"allow":["GET"]}}],"collection":[{"href":"https:\/\/diarioregionaldigital.com.br\/index.php?rest_route=\/wp\/v2\/posts"}],"about":[{"href":"https:\/\/diarioregionaldigital.com.br\/index.php?rest_route=\/wp\/v2\/types\/post"}],"author":[{"embeddable":true,"href":"https:\/\/diarioregionaldigital.com.br\/index.php?rest_route=\/wp\/v2\/users\/246"}],"replies":[{"embeddable":true,"href":"https:\/\/diarioregionaldigital.com.br\/index.php?rest_route=%2Fwp%2Fv2%2Fcomments&post=200774"}],"version-history":[{"count":2,"href":"https:\/\/diarioregionaldigital.com.br\/index.php?rest_route=\/wp\/v2\/posts\/200774\/revisions"}],"predecessor-version":[{"id":200777,"href":"https:\/\/diarioregionaldigital.com.br\/index.php?rest_route=\/wp\/v2\/posts\/200774\/revisions\/200777"}],"wp:featuredmedia":[{"embeddable":true,"href":"https:\/\/diarioregionaldigital.com.br\/index.php?rest_route=\/wp\/v2\/media\/200775"}],"wp:attachment":[{"href":"https:\/\/diarioregionaldigital.com.br\/index.php?rest_route=%2Fwp%2Fv2%2Fmedia&parent=200774"}],"wp:term":[{"taxonomy":"category","embeddable":true,"href":"https:\/\/diarioregionaldigital.com.br\/index.php?rest_route=%2Fwp%2Fv2%2Fcategories&post=200774"},{"taxonomy":"post_tag","embeddable":true,"href":"https:\/\/diarioregionaldigital.com.br\/index.php?rest_route=%2Fwp%2Fv2%2Ftags&post=200774"}],"curies":[{"name":"wp","href":"https:\/\/api.w.org\/{rel}","templated":true}]}}