{"id":200762,"date":"2022-06-24T17:59:39","date_gmt":"2022-06-24T20:59:39","guid":{"rendered":"https:\/\/diarioregionaldigital.com.br\/?p=200762"},"modified":"2022-06-24T17:59:39","modified_gmt":"2022-06-24T20:59:39","slug":"sao-paulo-supera-palmeiras-na-ida-das-oitavas-da-copa-do-brasil","status":"publish","type":"post","link":"https:\/\/diarioregionaldigital.com.br\/?p=200762","title":{"rendered":"S\u00e3o Paulo supera Palmeiras na ida das oitavas da Copa do Brasil"},"content":{"rendered":"<p>Gra\u00e7as a um gol de Patrick, o S\u00e3o Paulo derrotou o Palmeiras por 1 a 0, na noite desta quinta-feira (23) no est\u00e1dio do Morumbi, na partida de ida das oitavas de final da Copa do Brasil. Com a vit\u00f3ria, o Tricolor fica com uma pequena vantagem para o confronto de volta (no dia 14 de julho no Allianz Parque), se classificando at\u00e9 com um empate. O Verd\u00e3o tem que buscar vencer por dois gols de diferen\u00e7a para garantir a vaga nos 90 minutos, em caso de triunfo por apenas um gol do Palestra, a vaga ser\u00e1 decidida na disputa de p\u00eanaltis.<img decoding=\"async\" src=\"https:\/\/agenciabrasil.ebc.com.br\/ebc.png?id=1467432&amp;o=node\" \/><img decoding=\"async\" src=\"https:\/\/agenciabrasil.ebc.com.br\/ebc.gif?id=1467432&amp;o=node\" \/><\/p>\n<p>O t\u00e9cnico Rog\u00e9rio Ceni mostrou personalidade nesta quinta, pois n\u00e3o se deixou abalar pela derrota de 2 a 1 de virada para o Palmeiras da \u00faltima segunda (20), pela 13\u00aa rodada do Campeonato Brasileiro, e manteve a equipe titular. A escolha se mostrou acertada, pois o Tricolor fez um bom primeiro tempo, tomando as r\u00e9deas do confronto e impedindo as a\u00e7\u00f5es ofensivas do time comandado pelo portugu\u00eas Abel Ferreira.<\/p>\n<p>E, de tanto pressionar, o S\u00e3o Paulo arrancou a vit\u00f3ria aos 30 minutos do primeiro tempo, quando Patrick ganhou disputa com o zagueiro Gustavo G\u00f3mez na entrada da \u00e1rea, avan\u00e7ou e bateu com viol\u00eancia para superar o goleiro Weverton.<\/p>\n<p>Com o rev\u00e9s no Choque-Rei, o Palmeiras viu chegar ao fim uma sequ\u00eancia de 19 partidas de invencibilidade na atual temporada.<\/p>\n<p><span style=\"font-weight: 400;\">\u00a0<\/span><span style=\"font-weight: 400;\"><br \/>\n<\/span><span style=\"font-weight: 400;\">Fonte: Ag\u00eancia Brasil <\/span><\/p>\n","protected":false},"excerpt":{"rendered":"<p>Gra\u00e7as a um gol de Patrick, o S\u00e3o Paulo derrotou o Palmeiras por 1 a 0, na noite desta quinta-feira (23) no est\u00e1dio do Morumbi, na partida de ida das oitavas de final da Copa do Brasil. Com a vit\u00f3ria, o Tricolor fica com uma pequena vantagem para o confronto de volta (no dia 14 [&hellip;]<\/p>\n","protected":false},"author":246,"featured_media":200763,"comment_status":"closed","ping_status":"closed","sticky":false,"template":"","format":"standard","meta":{"footnotes":""},"categories":[436,257,439],"tags":[],"class_list":["post-200762","post","type-post","status-publish","format-standard","has-post-thumbnail","hentry","category-destaque-da-semana","category-esporte","category-ultima-hora"],"_links":{"self":[{"href":"https:\/\/diarioregionaldigital.com.br\/index.php?rest_route=\/wp\/v2\/posts\/200762","targetHints":{"allow":["GET"]}}],"collection":[{"href":"https:\/\/diarioregionaldigital.com.br\/index.php?rest_route=\/wp\/v2\/posts"}],"about":[{"href":"https:\/\/diarioregionaldigital.com.br\/index.php?rest_route=\/wp\/v2\/types\/post"}],"author":[{"embeddable":true,"href":"https:\/\/diarioregionaldigital.com.br\/index.php?rest_route=\/wp\/v2\/users\/246"}],"replies":[{"embeddable":true,"href":"https:\/\/diarioregionaldigital.com.br\/index.php?rest_route=%2Fwp%2Fv2%2Fcomments&post=200762"}],"version-history":[{"count":2,"href":"https:\/\/diarioregionaldigital.com.br\/index.php?rest_route=\/wp\/v2\/posts\/200762\/revisions"}],"predecessor-version":[{"id":200765,"href":"https:\/\/diarioregionaldigital.com.br\/index.php?rest_route=\/wp\/v2\/posts\/200762\/revisions\/200765"}],"wp:featuredmedia":[{"embeddable":true,"href":"https:\/\/diarioregionaldigital.com.br\/index.php?rest_route=\/wp\/v2\/media\/200763"}],"wp:attachment":[{"href":"https:\/\/diarioregionaldigital.com.br\/index.php?rest_route=%2Fwp%2Fv2%2Fmedia&parent=200762"}],"wp:term":[{"taxonomy":"category","embeddable":true,"href":"https:\/\/diarioregionaldigital.com.br\/index.php?rest_route=%2Fwp%2Fv2%2Fcategories&post=200762"},{"taxonomy":"post_tag","embeddable":true,"href":"https:\/\/diarioregionaldigital.com.br\/index.php?rest_route=%2Fwp%2Fv2%2Ftags&post=200762"}],"curies":[{"name":"wp","href":"https:\/\/api.w.org\/{rel}","templated":true}]}}