{"id":200759,"date":"2022-06-24T17:58:05","date_gmt":"2022-06-24T20:58:05","guid":{"rendered":"https:\/\/diarioregionaldigital.com.br\/?p=200759"},"modified":"2022-06-24T17:58:05","modified_gmt":"2022-06-24T20:58:05","slug":"liga-das-nacoes-brasil-bate-ira-mesmo-com-saida-de-alan-no-1o-set","status":"publish","type":"post","link":"https:\/\/diarioregionaldigital.com.br\/?p=200759","title":{"rendered":"Liga das Na\u00e7\u00f5es: Brasil bate Ir\u00e3, mesmo com sa\u00edda de Alan no 1\u00ba set"},"content":{"rendered":"<p>A sele\u00e7\u00e3o brasileira masculina de v\u00f4lei voltou a vencer na Liga das Na\u00e7\u00f5es, em S\u00f3fia (Bulg\u00e1ria). Desta vez bateu o Ir\u00e3, por 3 sets a 0 (parciais de 30\/28, 25\/23 e 25\/19), mesmo sem o oposto Alan, um dos principais atacantes do time, que deixou a quadra ainda no in\u00edcio do primeiro set, ap\u00f3s les\u00e3o na panturrilha. No domingo (26), \u00e0s 14h (hor\u00e1rio de Bras\u00edlia), a sele\u00e7\u00e3o encara a anfitri\u00e3 Bulg\u00e1ria, no \u00faltimo duelo da segunda fase da competi\u00e7\u00e3o. A terceira e \u00faltima etapa classificat\u00f3ria ser\u00e1 em julho, em Osaka (Jap\u00e3o).<img decoding=\"async\" src=\"https:\/\/agenciabrasil.ebc.com.br\/ebc.png?id=1467532&amp;o=node\" \/><img decoding=\"async\" src=\"https:\/\/agenciabrasil.ebc.com.br\/ebc.gif?id=1467532&amp;o=node\" \/><\/p>\n<p>Atual campe\u00e3o, o Brasil comandado pelo t\u00e9cnico Renan Dal Zotto, subiu hoje (24) na classifica\u00e7\u00e3o geral para o sexto lugar, com 12 pontos (quatro vit\u00f3rias e tr\u00eas derrotas). A competi\u00e7\u00e3o re\u00fane 16 sele\u00e7\u00f5es nacionais.\u00a0Apenas as\u00a0oito primeiras colocadas avan\u00e7ar\u00e3o \u00e0 disputa do t\u00edtulo na cidade de Bologna (It\u00e1lia).<\/p>\n<p>Pelo segundo jogo consecutivo, o ponteiro Lucarelli foi o maior pontuador, com 15 pontos. Quem tamb\u00e9m sobressaiu em quadra nesta sexta (24) foi o central Isac, que anotou nove pontos no ataque e quatro no bloqueio.<\/p>\n<p><span style=\"font-weight: 400;\">\u00a0<\/span><span style=\"font-weight: 400;\"><br \/>\n<\/span><span style=\"font-weight: 400;\">Fonte: Ag\u00eancia Brasil <\/span><\/p>\n","protected":false},"excerpt":{"rendered":"<p>A sele\u00e7\u00e3o brasileira masculina de v\u00f4lei voltou a vencer na Liga das Na\u00e7\u00f5es, em S\u00f3fia (Bulg\u00e1ria). Desta vez bateu o Ir\u00e3, por 3 sets a 0 (parciais de 30\/28, 25\/23 e 25\/19), mesmo sem o oposto Alan, um dos principais atacantes do time, que deixou a quadra ainda no in\u00edcio do primeiro set, ap\u00f3s les\u00e3o [&hellip;]<\/p>\n","protected":false},"author":246,"featured_media":200760,"comment_status":"closed","ping_status":"closed","sticky":false,"template":"","format":"standard","meta":{"footnotes":""},"categories":[436,257,439],"tags":[],"class_list":["post-200759","post","type-post","status-publish","format-standard","has-post-thumbnail","hentry","category-destaque-da-semana","category-esporte","category-ultima-hora"],"_links":{"self":[{"href":"https:\/\/diarioregionaldigital.com.br\/index.php?rest_route=\/wp\/v2\/posts\/200759","targetHints":{"allow":["GET"]}}],"collection":[{"href":"https:\/\/diarioregionaldigital.com.br\/index.php?rest_route=\/wp\/v2\/posts"}],"about":[{"href":"https:\/\/diarioregionaldigital.com.br\/index.php?rest_route=\/wp\/v2\/types\/post"}],"author":[{"embeddable":true,"href":"https:\/\/diarioregionaldigital.com.br\/index.php?rest_route=\/wp\/v2\/users\/246"}],"replies":[{"embeddable":true,"href":"https:\/\/diarioregionaldigital.com.br\/index.php?rest_route=%2Fwp%2Fv2%2Fcomments&post=200759"}],"version-history":[{"count":1,"href":"https:\/\/diarioregionaldigital.com.br\/index.php?rest_route=\/wp\/v2\/posts\/200759\/revisions"}],"predecessor-version":[{"id":200761,"href":"https:\/\/diarioregionaldigital.com.br\/index.php?rest_route=\/wp\/v2\/posts\/200759\/revisions\/200761"}],"wp:featuredmedia":[{"embeddable":true,"href":"https:\/\/diarioregionaldigital.com.br\/index.php?rest_route=\/wp\/v2\/media\/200760"}],"wp:attachment":[{"href":"https:\/\/diarioregionaldigital.com.br\/index.php?rest_route=%2Fwp%2Fv2%2Fmedia&parent=200759"}],"wp:term":[{"taxonomy":"category","embeddable":true,"href":"https:\/\/diarioregionaldigital.com.br\/index.php?rest_route=%2Fwp%2Fv2%2Fcategories&post=200759"},{"taxonomy":"post_tag","embeddable":true,"href":"https:\/\/diarioregionaldigital.com.br\/index.php?rest_route=%2Fwp%2Fv2%2Ftags&post=200759"}],"curies":[{"name":"wp","href":"https:\/\/api.w.org\/{rel}","templated":true}]}}