{"id":200755,"date":"2022-06-24T17:56:05","date_gmt":"2022-06-24T20:56:05","guid":{"rendered":"https:\/\/diarioregionaldigital.com.br\/?p=200755"},"modified":"2022-06-24T17:56:05","modified_gmt":"2022-06-24T20:56:05","slug":"gui-santos-e-selecionado-pelo-warriors-atual-campeao-da-nba","status":"publish","type":"post","link":"https:\/\/diarioregionaldigital.com.br\/?p=200755","title":{"rendered":"Gui Santos \u00e9 selecionado pelo Warriors, atual campe\u00e3o da NBA"},"content":{"rendered":"<p>O brasiliense Gui Santos, de 20 anos, \u00e9 o mais novo selecionado do Golden State Warriors, atual campe\u00e3o da NBA, a principal liga de basquete dos Estados Unidos. Ex-ala do Minas T\u00eanis Clube foi escolhido pela franquia de San Francisco em draft (sele\u00e7\u00e3o) realizado na noite desta quinta-feira (23) no Barclays Center, em Nova York. \u00a0Gui ser\u00e1 o quarto brasileiro a integrar a equipe do Warriors, ap\u00f3s Anderson Varej\u00e3o, Leandrinho Barbosa e Scott Machado.<\/p>\n<p>\u201cEu estava no quarto j\u00e1, achei que n\u00e3o ia dar mais, estava indo dormir, esfriar a cabe\u00e7a. A\u00ed meu agente, Aylton, me ligou e disse \u2018vai pra sala agora e liga a TV! Conseguimos!\u2019. E eu falei \u2018n\u00e3o brinca comigo assim, n\u00e3o\u2019. E aconteceu! Eu nem esperava mais\u2026 E de repente os Warriors me escolhem! Nem sei o que dizer. \u00c9 muito mais do que um presente, \u00e9 um sonho que est\u00e1 se realizando. \u00c9 o melhor presente de anivers\u00e1rio que eu j\u00e1 ganhei. Um sonho meu, da minha fam\u00edlia, dos meus amigos\u2026\u201d, disse o jogador, que completou 20 anos na \u00faltima quarta (22).<\/p>\n<p>O jovem atleta despontou na temporada do ano passado no Novo Basquete Brasil (NBB) tendo sido eleito o \u201cDestaque Jovem\u201d e \u201cJogador de Maior Evolu\u00e7\u00e3o\u201d. Em maio o atleta viajou para a Fl\u00f3rida (EUA) a fim de se preparar para o draft. Gui chegou a treinar em grandes franquias como o Orlando Magic, Boston Celtics e Cleveland Cavaliers.<\/p>\n<p>&#8220;Fiz bons treinos e treinei bem l\u00e1. Me senti muito bem. E encontrei com o Leandrinho tamb\u00e9m, com quem joguei em Minas. Foi especial. Deixei tudo o que eu tinha nos treinamentos, foi muito intenso, um per\u00edodo de exaust\u00e3o, de entrega, mas valeu muito a pena\u201d, completou o brasiliense, selecionado na 55\u00aa posi\u00e7\u00e3o do segundo round do draft.<\/p>\n<p>O ala \u00e9 o 16\u00ba brasileiro a ser selecionado para franquias da NBA, sendo que dois deles jogaram na \u00faltima temporada (2021\/22): Raul Neto (Washington Wizards) e Didi Louzada (New Orleans Pelicans\/Portland Trail Blazers).<\/p>\n<h2>Brasileiros j\u00e1 selecionados em draft da NBA<\/h2>\n<p>2022 \u2013 Gui Santos (Golden State Warriors \u2013 55\u00aa posi\u00e7\u00e3o)<br \/>\n2019 \u2013 Didi Louzada (Atlanta Hawks \u2013 35\u00aa posi\u00e7\u00e3o)<br \/>\n2014 \u2013 Bruno Caboclo (Toronto Raptors \u2013 20\u00aa posi\u00e7\u00e3o)<br \/>\n2013 \u2013 Raul Neto (Atlanta Hawks \u2013 47\u00aa posi\u00e7\u00e3o)<br \/>\n2013 \u2013 Lucas Nogueira (Boston Celtics \u2013 16\u00aa posi\u00e7\u00e3o)<br \/>\n2012 \u2013 Fab Melo (Boston Celtics \u2013 22\u00aa posi\u00e7\u00e3o)<br \/>\n2010 \u2013 Paul\u00e3o Prestes (Minnesota Timberwolves \u2013 45\u00aa posi\u00e7\u00e3o)<br \/>\n2007 \u2013 Tiago Splitter (San Antonio Spurs \u2013 28\u00aa posi\u00e7\u00e3o)<br \/>\n2006 \u2013 Marcus Vin\u00edcius (New Orleans\/Oklahoma City Hornets \u2013 43\u00aa posi\u00e7\u00e3o)<br \/>\n2004 \u2013 Anderson Varej\u00e3o (Orlando Magic \u2013 30\u00aa posi\u00e7\u00e3o)<br \/>\n2004 \u2013 Rafael Ara\u00fajo (Toronto Raptors \u2013 8\u00aa posi\u00e7\u00e3o)<br \/>\n2003 \u2013 Leandro Barbosa (San Antonio Spurs \u2013 28\u00aa posi\u00e7\u00e3o)<br \/>\n2002 \u2013 Nen\u00ea Hil\u00e1rio (New York Knicks \u2013 7\u00aa posi\u00e7\u00e3o)<br \/>\n1988 \u2013 Rolando Ferreira (Portland Trail Blazers \u2013 26\u00aa posi\u00e7\u00e3o)<br \/>\n1984 \u2013 Oscar Schmidt (New Jersey Nets \u2013 131\u00aa posi\u00e7\u00e3o)<br \/>\n1976 \u2013 Marquinhos Abdala (Portland Trail Blazers \u2013 162\u00aa posi\u00e7\u00e3o)<\/p>\n<p><span style=\"font-weight: 400;\">Fonte: Ag\u00eancia Brasil <\/span><\/p>\n","protected":false},"excerpt":{"rendered":"<p>O brasiliense Gui Santos, de 20 anos, \u00e9 o mais novo selecionado do Golden State Warriors, atual campe\u00e3o da NBA, a principal liga de basquete dos Estados Unidos. Ex-ala do Minas T\u00eanis Clube foi escolhido pela franquia de San Francisco em draft (sele\u00e7\u00e3o) realizado na noite desta quinta-feira (23) no Barclays Center, em Nova York. [&hellip;]<\/p>\n","protected":false},"author":246,"featured_media":200756,"comment_status":"closed","ping_status":"closed","sticky":false,"template":"","format":"standard","meta":{"footnotes":""},"categories":[436,440,257,439],"tags":[],"class_list":["post-200755","post","type-post","status-publish","format-standard","has-post-thumbnail","hentry","category-destaque-da-semana","category-destaques-do-dia","category-esporte","category-ultima-hora"],"_links":{"self":[{"href":"https:\/\/diarioregionaldigital.com.br\/index.php?rest_route=\/wp\/v2\/posts\/200755","targetHints":{"allow":["GET"]}}],"collection":[{"href":"https:\/\/diarioregionaldigital.com.br\/index.php?rest_route=\/wp\/v2\/posts"}],"about":[{"href":"https:\/\/diarioregionaldigital.com.br\/index.php?rest_route=\/wp\/v2\/types\/post"}],"author":[{"embeddable":true,"href":"https:\/\/diarioregionaldigital.com.br\/index.php?rest_route=\/wp\/v2\/users\/246"}],"replies":[{"embeddable":true,"href":"https:\/\/diarioregionaldigital.com.br\/index.php?rest_route=%2Fwp%2Fv2%2Fcomments&post=200755"}],"version-history":[{"count":2,"href":"https:\/\/diarioregionaldigital.com.br\/index.php?rest_route=\/wp\/v2\/posts\/200755\/revisions"}],"predecessor-version":[{"id":200758,"href":"https:\/\/diarioregionaldigital.com.br\/index.php?rest_route=\/wp\/v2\/posts\/200755\/revisions\/200758"}],"wp:featuredmedia":[{"embeddable":true,"href":"https:\/\/diarioregionaldigital.com.br\/index.php?rest_route=\/wp\/v2\/media\/200756"}],"wp:attachment":[{"href":"https:\/\/diarioregionaldigital.com.br\/index.php?rest_route=%2Fwp%2Fv2%2Fmedia&parent=200755"}],"wp:term":[{"taxonomy":"category","embeddable":true,"href":"https:\/\/diarioregionaldigital.com.br\/index.php?rest_route=%2Fwp%2Fv2%2Fcategories&post=200755"},{"taxonomy":"post_tag","embeddable":true,"href":"https:\/\/diarioregionaldigital.com.br\/index.php?rest_route=%2Fwp%2Fv2%2Ftags&post=200755"}],"curies":[{"name":"wp","href":"https:\/\/api.w.org\/{rel}","templated":true}]}}