{"id":200751,"date":"2022-06-24T17:52:13","date_gmt":"2022-06-24T20:52:13","guid":{"rendered":"https:\/\/diarioregionaldigital.com.br\/?p=200751"},"modified":"2022-06-24T17:52:13","modified_gmt":"2022-06-24T20:52:13","slug":"chance-de-morte-por-covid-19-e-cinco-vezes-maior-para-nao-vacinados","status":"publish","type":"post","link":"https:\/\/diarioregionaldigital.com.br\/?p=200751","title":{"rendered":"Chance de morte por covid-19 \u00e9 cinco vezes maior para n\u00e3o vacinados"},"content":{"rendered":"<p>As chances de morrer v\u00edtima da covid-19 em pessoas n\u00e3o vacinadas chegam a ser cinco vezes maiores que as de quem tomou a primeira dose de refor\u00e7o (terceira dose) da vacina contra a doen\u00e7a. O alerta foi feito pela\u00a0<a href=\"https:\/\/www.saude.mg.gov.br\/\" target=\"_blank\" rel=\"noopener\">Secretaria de Estado de Sa\u00fade (SES\/MG)<\/a>\u00a0em coletiva de imprensa nesta sexta-feira (24\/6). Na oportunidade, foram apresentados dados sobre a situa\u00e7\u00e3o da pandemia no estado, das demais doen\u00e7as respirat\u00f3rias e das campanhas de imuniza\u00e7\u00e3o.<\/p>\n<p>Hoje, o total de casos confirmados em Minas Gerais \u00e9 de 3.572.319 desde o in\u00edcio da pandemia, em mar\u00e7o de 2020. De l\u00e1 para c\u00e1, 62.015 pessoas morreram por causa do coronav\u00edrus. Segundo o boletim apresentado nesta sexta-feira, nas \u00faltimas 24 horas foram 14.029 casos confirmados e 99 \u00f3bitos. De acordo com o secret\u00e1rio de Estado de Sa\u00fade, o m\u00e9dico F\u00e1bio Baccheretti, hoje ainda h\u00e1 dados represados por conta do feriado prolongado de Corpus Christi, na semana passada e tamb\u00e9m por causa da instabilidade no sistema do Minist\u00e9rio da Sa\u00fade, que chegou a ficar fora do ar.<\/p>\n<p>\u201cTemos um aumento de casos de covid-19, mas muito longe do que vivenciamos em janeiro e fevereiro com a \u00f4micron. Vamos lembrar que estamos vivendo, de novo, um aumento de casos da sazonalidade, mas vinculados \u00e0 \u00f4micron ou alguma subvariante dela, mas nossa curva de \u00f3bitos ainda \u00e9 muito baixa. Estamos cada vez com uma menor rela\u00e7\u00e3o entre casos, interna\u00e7\u00f5es e \u00f3bitos, fruto do sucesso da vacina\u00e7\u00e3o\u201d, destacou o titular da pasta.\u00a0 \u201cN\u00f3s esper\u00e1vamos esse aumento sazonal, n\u00e3o estamos vivendo uma quarta onda por uma cepa nova, o que estamos vivendo agora \u00e9 um aumento de casos respirat\u00f3rios comum desta \u00e9poca. H\u00e1 uma expectativa de que o pico dessas doen\u00e7as respirat\u00f3rias, especialmente das crian\u00e7as, j\u00e1 passou. A gente percebe que mesmo com essa queda a gente tem alguns casos mais graves de crian\u00e7as vinculados a outras doen\u00e7as\u201d, ressaltou Baccheretti.<\/p>\n<p><strong>Apelo<\/strong><\/p>\n<p>Ap\u00f3s apresentar esses dados, o secret\u00e1rio de Sa\u00fade de Minas Gerais destacou que, apesar de a letalidade da covid-19 ter diminu\u00eddo com a variante \u00f4micron, a rela\u00e7\u00e3o da vacina\u00e7\u00e3o com a probabilidade de mortes \u00e9 evidente.<\/p>\n<p>\u201cA propor\u00e7\u00e3o da popula\u00e7\u00e3o n\u00e3o vacinada em rela\u00e7\u00e3o a quem tomou pelo menos a primeira dose de refor\u00e7o (terceira dose da vacina): n\u00f3s estamos falando em cinco vezes mais chances de essa pessoa ir a \u00f3bito. Ent\u00e3o, quem n\u00e3o tomou a vacina, a chance de morrer \u00e9 muito maior do que quem tomou pelo menos a primeira dose de refor\u00e7o. Em quem n\u00e3o tomou a dose de refor\u00e7o a propor\u00e7\u00e3o \u00e9 quase tr\u00eas vezes maior. Vale sempre falar isso. Temos que tomar o primeiro refor\u00e7o e o segundo refor\u00e7o (quarta dose) que est\u00e1 garantido a partir de 40 anos. A pessoa que n\u00e3o tomou a vacina est\u00e1 correndo um risco de pelo menos cinco vezes a mais de morrer da covid-19. N\u00e3o tem motivo para n\u00e3o tomar a vacina\u201d, enfatizou.<\/p>\n<p>O secret\u00e1rio ainda destaca quem a propor\u00e7\u00e3o ainda \u00e9 maior quando se fala nas chances de ser hospitalizado por causa da doen\u00e7a. \u201cQuem n\u00e3o tomou nenhuma vacina tem uma chance muito maior, cerca de oito vezes maior de se internar por s\u00edndrome respirat\u00f3ria aguda grave (SRAG). N\u00f3s temos a principal arma, que \u00e9 a vacina, e pessoas que insistem em n\u00e3o se vacinar. Quem n\u00e3o tomou pelo menos a primeira dose de refor\u00e7o tem uma chance tr\u00eas vezes maior de internar. N\u00e3o achem que tomar apenas duas doses \u00e9 o suficiente, n\u00f3s temos que buscar o refor\u00e7o\u201d, aconselha F\u00e1bio Baccheretti.<\/p>\n<p><strong>Desafio<\/strong><\/p>\n<p>Houve uma melhora nos \u00edndices de vacina\u00e7\u00e3o em Minas Gerais nos \u00faltimos meses. Em maio, dos 853 munic\u00edpios mineiros, 260 apresentavam cobertura vacinal da dose de refor\u00e7o contra a covid-19 superior a 70%. Em junho, j\u00e1 s\u00e3o 351 munic\u00edpios que alcan\u00e7aram esse \u00edndice. Em rela\u00e7\u00e3o \u00e0s crian\u00e7as, mais de 70.26% receberam a primeira dose da vacina, mas a segunda dose pedi\u00e1trica foi aplicada em 44.91%. O secret\u00e1rio de Sa\u00fade de Minas explicou o trabalho da pasta para melhorar cada vez mais os \u00edndices nos munic\u00edpios.<\/p>\n<p>\u201cN\u00f3s temos um desafio muito grande. Primeiro, contradizer as fake News, dizer que a vacina \u00e9 segura. Esse \u00e9 um ponto muito importante. Voc\u00ea pode levar a vacina at\u00e9 a crian\u00e7a, mas o pai n\u00e3o quer vacinar com medo de fake news. Nosso papel \u00e9 desfazer essas not\u00edcias, e tamb\u00e9m levar a vacina para o dia a dia. As pessoas n\u00e3o est\u00e3o parando o que est\u00e3o fazendo para ir tomar a vacina. Estamos buscando a vacina\u00e7\u00e3o em pra\u00e7as, rodovi\u00e1rias, shoppings e escolas, para que as pessoas fa\u00e7am o m\u00ednimo esfor\u00e7o para tomar sua vacina\u00e7\u00e3o. Ajudou no sarampo, ajudou na gripe e est\u00e1 ajudando na covid-19. Estamos fazendo isso de forma insistente, at\u00e9 chegar na nossa meta\u201d, explicou. \u201cN\u00f3s nunca atingimos metas de vacina\u00e7\u00e3o de forma f\u00e1cil, mesmo antes da covid, mas as fake news cresceram com ela. Existem os grupos anti-vacina e, hoje, com as redes sociais, isso se dissemina muito r\u00e1pido. \u00c9 muito dif\u00edcil combater isso no dia a dia, mas \u00e9 a estrat\u00e9gia que a gente vem usando\u201d, pontuou.<\/p>\n<p><span style=\"font-weight: 400;\">\u00a0<\/span><span style=\"font-weight: 400;\"><br \/>\n<\/span><span style=\"font-weight: 400;\">Fonte: Ag\u00eancia Minas <\/span><\/p>\n","protected":false},"excerpt":{"rendered":"<p>As chances de morrer v\u00edtima da covid-19 em pessoas n\u00e3o vacinadas chegam a ser cinco vezes maiores que as de quem tomou a primeira dose de refor\u00e7o (terceira dose) da vacina contra a doen\u00e7a. O alerta foi feito pela\u00a0Secretaria de Estado de Sa\u00fade (SES\/MG)\u00a0em coletiva de imprensa nesta sexta-feira (24\/6). Na oportunidade, foram apresentados dados [&hellip;]<\/p>\n","protected":false},"author":246,"featured_media":200752,"comment_status":"closed","ping_status":"closed","sticky":false,"template":"","format":"standard","meta":{"footnotes":""},"categories":[436,254,439],"tags":[],"class_list":["post-200751","post","type-post","status-publish","format-standard","has-post-thumbnail","hentry","category-destaque-da-semana","category-politica","category-ultima-hora"],"_links":{"self":[{"href":"https:\/\/diarioregionaldigital.com.br\/index.php?rest_route=\/wp\/v2\/posts\/200751","targetHints":{"allow":["GET"]}}],"collection":[{"href":"https:\/\/diarioregionaldigital.com.br\/index.php?rest_route=\/wp\/v2\/posts"}],"about":[{"href":"https:\/\/diarioregionaldigital.com.br\/index.php?rest_route=\/wp\/v2\/types\/post"}],"author":[{"embeddable":true,"href":"https:\/\/diarioregionaldigital.com.br\/index.php?rest_route=\/wp\/v2\/users\/246"}],"replies":[{"embeddable":true,"href":"https:\/\/diarioregionaldigital.com.br\/index.php?rest_route=%2Fwp%2Fv2%2Fcomments&post=200751"}],"version-history":[{"count":2,"href":"https:\/\/diarioregionaldigital.com.br\/index.php?rest_route=\/wp\/v2\/posts\/200751\/revisions"}],"predecessor-version":[{"id":200754,"href":"https:\/\/diarioregionaldigital.com.br\/index.php?rest_route=\/wp\/v2\/posts\/200751\/revisions\/200754"}],"wp:featuredmedia":[{"embeddable":true,"href":"https:\/\/diarioregionaldigital.com.br\/index.php?rest_route=\/wp\/v2\/media\/200752"}],"wp:attachment":[{"href":"https:\/\/diarioregionaldigital.com.br\/index.php?rest_route=%2Fwp%2Fv2%2Fmedia&parent=200751"}],"wp:term":[{"taxonomy":"category","embeddable":true,"href":"https:\/\/diarioregionaldigital.com.br\/index.php?rest_route=%2Fwp%2Fv2%2Fcategories&post=200751"},{"taxonomy":"post_tag","embeddable":true,"href":"https:\/\/diarioregionaldigital.com.br\/index.php?rest_route=%2Fwp%2Fv2%2Ftags&post=200751"}],"curies":[{"name":"wp","href":"https:\/\/api.w.org\/{rel}","templated":true}]}}