{"id":200747,"date":"2022-06-24T17:49:40","date_gmt":"2022-06-24T20:49:40","guid":{"rendered":"https:\/\/diarioregionaldigital.com.br\/?p=200747"},"modified":"2022-06-24T17:49:40","modified_gmt":"2022-06-24T20:49:40","slug":"governador-participa-de-inauguracao-do-59o-batalhao-de-policia-militar-em-extrema-no-sul-de-minas","status":"publish","type":"post","link":"https:\/\/diarioregionaldigital.com.br\/?p=200747","title":{"rendered":"Governador participa de inaugura\u00e7\u00e3o do 59\u00ba Batalh\u00e3o de Pol\u00edcia Militar em Extrema, no Sul de Minas"},"content":{"rendered":"<p>O governador Romeu Zema participou, nesta sexta-feira (24\/6), em Extrema, no Sul de Minas, da inaugura\u00e7\u00e3o do 59\u00ba Batalh\u00e3o de Pol\u00edcia Militar, pertencente \u00e0 17\u00aa Regi\u00e3o de Pol\u00edcia Militar. A nova sede, que custou R$ 14,5 milh\u00f5es, contar\u00e1 com um efetivo de 68 policiais militares.<\/p>\n<p>Al\u00e9m dos 40 mil habitantes de Extrema, moradores de outras oito cidades &#8211; Toledo, Camanducaia, Itapeva, Monte Verde, Cambu\u00ed, Bom Repouso, C\u00f3rrego do Bom Jesus e Senador Amaral &#8211; ser\u00e3o atendidos pela corpora\u00e7\u00e3o.<\/p>\n<p>Durante a coletiva de imprensa, o governador destacou que a entrega do batalh\u00e3o representa o fortalecimento da seguran\u00e7a p\u00fablica no estado. \u201cEste batalh\u00e3o \u00e9 o mais moderno em Minas Gerais. A Pol\u00edcia Militar precisa de boas instala\u00e7\u00f5es, viaturas e equipamentos modernos, al\u00e9m de treinamento. O \u00edndice de criminalidade em Minas tem ca\u00eddo, uma resposta a todo este esfor\u00e7o\u201d, lembrou.<\/p>\n<p><strong>Marca<\/strong><\/p>\n<p>Zema lembrou que Minas carrega a marca positiva de ser o estado mais seguro do Brasil e ter a Pol\u00edcia Militar menos letal, de acordo com os dados do Minist\u00e9rio da Justi\u00e7a. \u201cIsso mostra para os criminosos que atuar em Minas Gerais est\u00e1 ficando cada vez mais dif\u00edcil\u201d, disse.<\/p>\n<p>O governador ainda realizou a entrega de 19 viaturas que refor\u00e7ar\u00e3o a frota de 17 cidades da regi\u00e3o, al\u00e9m de Extrema. Os ve\u00edculos foram adquiridos por meio de conv\u00eanio, verba do Estado e parlamentar, somando R$ 1,8 milh\u00e3o.<\/p>\n<p>J\u00e1 o comandante-geral da\u00a0<a href=\"http:\/\/www.policiamilitar.mg.gov.br\/\" target=\"_blank\" rel=\"noopener\">Pol\u00edcia Militar de Minas Gerais<\/a>, coronel Rodrigo Sousa Rodrigues, destacou, durante pronunciamento, os constantes investimentos do\u00a0<a href=\"http:\/\/www.mg.gov.br\/\" target=\"_blank\" rel=\"noopener\">Governo do Estado<\/a>\u00a0na moderniza\u00e7\u00e3o das instala\u00e7\u00f5es e na compra de equipamentos para a corpora\u00e7\u00e3o.<\/p>\n<p>\u201cDurante a atual gest\u00e3o a PM recebeu mais de R$ 1 bilh\u00e3o em investimentos. Isso \u00e9 fruto de um trabalho de planejamento e da confian\u00e7a do governador na institui\u00e7\u00e3o, uma vez que os recursos retornam para a sociedade\u201d, disse.<\/p>\n<p><main class=\"clear margin-md-bottom-3\"><\/p>\n<div class=\"clear \">\n<p><strong>Educa\u00e7\u00e3o<\/strong><\/p>\n<p>Ainda em Extrema, o governador visitou a Escola Municipal Maristela Carniel Onisto. De acordo com a prefeitura, o pr\u00e9dio tem capacidade para at\u00e9 1,5 mil alunos em dois turnos em um espa\u00e7o de 7 mil metros quadrados.<\/p>\n<p>A unidade tem 20 salas de aula, salas tem\u00e1ticas, um laborat\u00f3rio amplo de inform\u00e1tica, biblioteca, sala para atendimento de crian\u00e7as especiais, audit\u00f3rio, quadra coberta, vesti\u00e1rios e arquibancada, sal\u00e3o de jogos e p\u00e1tios auxiliares.<\/p>\n<p>A escola conta com instala\u00e7\u00f5es que ajudam na sustentabilidade e a efici\u00eancia energ\u00e9tica com gera\u00e7\u00e3o de energia atrav\u00e9s de pain\u00e9is fotovoltaicos e capta\u00e7\u00e3o de \u00e1gua da chuva para reuso.<\/p>\n<p><strong>M\u00e3os \u00e0 obra<\/strong><\/p>\n<p>Extrema recebeu R$ 741 mil do Governo de Minas para realizar a troca dos mobili\u00e1rios e equipamentos dos alunos e professores das escolas estaduais. A iniciativa faz parte do programa M\u00e3os \u00e0 Obra, que tem o objetivo de realizar reformas e melhorias na infraestrutura das escolas.<\/p>\n<p>Quanto \u00e0 renova\u00e7\u00e3o do parque tecnol\u00f3gico, o munic\u00edpio contou com R$ 579 mil para a compra de 124 computadores e notebooks.<\/p>\n<p><span style=\"font-weight: 400;\">Fonte: Ag\u00eancia Minas <\/span><\/p>\n<\/div>\n<p><\/main><\/p>\n","protected":false},"excerpt":{"rendered":"<p>O governador Romeu Zema participou, nesta sexta-feira (24\/6), em Extrema, no Sul de Minas, da inaugura\u00e7\u00e3o do 59\u00ba Batalh\u00e3o de Pol\u00edcia Militar, pertencente \u00e0 17\u00aa Regi\u00e3o de Pol\u00edcia Militar. A nova sede, que custou R$ 14,5 milh\u00f5es, contar\u00e1 com um efetivo de 68 policiais militares. Al\u00e9m dos 40 mil habitantes de Extrema, moradores de outras [&hellip;]<\/p>\n","protected":false},"author":246,"featured_media":200748,"comment_status":"closed","ping_status":"closed","sticky":false,"template":"","format":"standard","meta":{"footnotes":""},"categories":[436,254,439],"tags":[],"class_list":["post-200747","post","type-post","status-publish","format-standard","has-post-thumbnail","hentry","category-destaque-da-semana","category-politica","category-ultima-hora"],"_links":{"self":[{"href":"https:\/\/diarioregionaldigital.com.br\/index.php?rest_route=\/wp\/v2\/posts\/200747","targetHints":{"allow":["GET"]}}],"collection":[{"href":"https:\/\/diarioregionaldigital.com.br\/index.php?rest_route=\/wp\/v2\/posts"}],"about":[{"href":"https:\/\/diarioregionaldigital.com.br\/index.php?rest_route=\/wp\/v2\/types\/post"}],"author":[{"embeddable":true,"href":"https:\/\/diarioregionaldigital.com.br\/index.php?rest_route=\/wp\/v2\/users\/246"}],"replies":[{"embeddable":true,"href":"https:\/\/diarioregionaldigital.com.br\/index.php?rest_route=%2Fwp%2Fv2%2Fcomments&post=200747"}],"version-history":[{"count":2,"href":"https:\/\/diarioregionaldigital.com.br\/index.php?rest_route=\/wp\/v2\/posts\/200747\/revisions"}],"predecessor-version":[{"id":200750,"href":"https:\/\/diarioregionaldigital.com.br\/index.php?rest_route=\/wp\/v2\/posts\/200747\/revisions\/200750"}],"wp:featuredmedia":[{"embeddable":true,"href":"https:\/\/diarioregionaldigital.com.br\/index.php?rest_route=\/wp\/v2\/media\/200748"}],"wp:attachment":[{"href":"https:\/\/diarioregionaldigital.com.br\/index.php?rest_route=%2Fwp%2Fv2%2Fmedia&parent=200747"}],"wp:term":[{"taxonomy":"category","embeddable":true,"href":"https:\/\/diarioregionaldigital.com.br\/index.php?rest_route=%2Fwp%2Fv2%2Fcategories&post=200747"},{"taxonomy":"post_tag","embeddable":true,"href":"https:\/\/diarioregionaldigital.com.br\/index.php?rest_route=%2Fwp%2Fv2%2Ftags&post=200747"}],"curies":[{"name":"wp","href":"https:\/\/api.w.org\/{rel}","templated":true}]}}