{"id":200743,"date":"2022-06-24T17:48:05","date_gmt":"2022-06-24T20:48:05","guid":{"rendered":"https:\/\/diarioregionaldigital.com.br\/?p=200743"},"modified":"2022-06-24T17:48:05","modified_gmt":"2022-06-24T20:48:05","slug":"ipva-atrasado-de-2022-ja-pode-ser-pago-em-ate-12-parcelas","status":"publish","type":"post","link":"https:\/\/diarioregionaldigital.com.br\/?p=200743","title":{"rendered":"IPVA atrasado de 2022 j\u00e1 pode ser pago em at\u00e9 12 parcelas"},"content":{"rendered":"<p>N\u00e3o pagou o Imposto sobre a Propriedade de Ve\u00edculos Automotores (IPVA) de 2022 e quer regularizar a situa\u00e7\u00e3o junto ao Fisco? A\u00a0<a href=\"http:\/\/www.fazenda.mg.gov.br\/\" target=\"_blank\" rel=\"noopener noreferrer\" data-auth=\"NotApplicable\" data-linkindex=\"0\">Secretaria de Estado de Fazenda de Minas Gerais (SEF\/MG)<\/a>\u00a0possibilita o pagamento da d\u00edvida em at\u00e9 12 parcelas, desde que o valor de cada parcela n\u00e3o seja inferior a R$ 200.<\/p>\n<p>A mesma medida se aplica ao imposto devido de anos anteriores, inscrito ou n\u00e3o em d\u00edvida ativa. A quita\u00e7\u00e3o \u00e0 vista tamb\u00e9m pode ser feita a qualquer momento, de forma totalmente on-line.<\/p>\n<p>Para acessar a \u00e1rea de parcelamento do IPVA no site da SEF,\u00a0<b><a href=\"http:\/\/www.fazenda.mg.gov.br\/empresas\/parcelamento\/parcelamento_IPVA\/\" target=\"_blank\" rel=\"noopener noreferrer\" data-auth=\"NotApplicable\" data-linkindex=\"1\">clique aqui<\/a><\/b>.<\/p>\n<p>O subsecret\u00e1rio da Receita Estadual, Osvaldo Scavazza, explica que o processo \u00e9 bem simplificado, bastando entrar na \u00e1rea indicada no site da SEF\/MG, tendo em m\u00e3os o CPF ou o CNPJ e o n\u00famero do Registro Nacional de Ve\u00edculos Automotores (Renavam) para fazer a simula\u00e7\u00e3o ou o pagamento.<\/p>\n<p>&#8220;O sistema da Secretaria de Fazenda calcula automaticamente o valor devido, com a multa e os juros. Ap\u00f3s aceitar as condi\u00e7\u00f5es, basta emitir o Documento de Arrecada\u00e7\u00e3o Estadual (DAE) e pagar a primeira parcela nos agentes arrecadadores credenciados, como bancos (inclusive internet banking) e casas lot\u00e9ricas&#8221;, afirma.<\/p>\n<p>Para emitir as parcelas dos meses seguintes, \u00e9 necess\u00e1rio acessar novamente o site da SEF, informando a identifica\u00e7\u00e3o do contribuinte e o n\u00famero do parcelamento.<\/p>\n<p><b>Licenciamento do ve\u00edculo<\/b><\/p>\n<p>Para ter o Certificado de Registro e Licenciamento de Ve\u00edculo (CRLV) liberado pela autoridade de tr\u00e2nsito e poder circular sem o risco de receber multa ou ter o bem apreendido, o motorista precisa estar em dia com o IPVA e todos os demais d\u00e9bitos veiculares, como a Taxa de Licenciamento e eventuais multas. Por isso, alerta Scavazza, o parcelamento do d\u00e9bito do IPVA \u00e9 um facilitador para os propriet\u00e1rios que estejam com dificuldade de regularizar o imposto atrasado.<\/p>\n<p>Atualmente, \u00e9 exigido o CRLV de 2021, mas, em breve, ser\u00e1 cobrado o documento de 2022.<\/p>\n<p><b>Balan\u00e7o do IPVA<\/b><\/p>\n<p>Neste ano, sens\u00edvel \u00e0s dificuldades impostas pela pandemia de covid-19, o\u00a0<a href=\"https:\/\/www.mg.gov.br\/\" target=\"_blank\" rel=\"noopener noreferrer\" data-auth=\"NotApplicable\" data-linkindex=\"2\">Governo de Minas<\/a>\u00a0adiou o pagamento do IPVA de janeiro para mar\u00e7o, dando mais prazo para os motoristas se prepararem para pagar o imposto. Tamb\u00e9m foram mantidos os valores da tabela de 2021.<\/p>\n<p>At\u00e9 o dia 31 de maio, do total esperado de arrecada\u00e7\u00e3o de R$ 7,1 bilh\u00f5es com o IPVA de 2022, foram pagos R$ 5,1 bilh\u00f5es, o equivalente a 71,7%. Em rela\u00e7\u00e3o a anos anteriores (2017 a 2021), a d\u00edvida contabilizada pela Secretaria de Fazenda \u00e9 de R$ 1 bilh\u00e3o.<\/p>\n<p><span style=\"font-weight: 400;\">\u00a0<\/span><span style=\"font-weight: 400;\"><br \/>\n<\/span><span style=\"font-weight: 400;\">Fonte: Ag\u00eancia Minas <\/span><\/p>\n","protected":false},"excerpt":{"rendered":"<p>N\u00e3o pagou o Imposto sobre a Propriedade de Ve\u00edculos Automotores (IPVA) de 2022 e quer regularizar a situa\u00e7\u00e3o junto ao Fisco? A\u00a0Secretaria de Estado de Fazenda de Minas Gerais (SEF\/MG)\u00a0possibilita o pagamento da d\u00edvida em at\u00e9 12 parcelas, desde que o valor de cada parcela n\u00e3o seja inferior a R$ 200. A mesma medida se [&hellip;]<\/p>\n","protected":false},"author":246,"featured_media":200744,"comment_status":"closed","ping_status":"closed","sticky":false,"template":"","format":"standard","meta":{"footnotes":""},"categories":[436,254,439],"tags":[],"class_list":["post-200743","post","type-post","status-publish","format-standard","has-post-thumbnail","hentry","category-destaque-da-semana","category-politica","category-ultima-hora"],"_links":{"self":[{"href":"https:\/\/diarioregionaldigital.com.br\/index.php?rest_route=\/wp\/v2\/posts\/200743","targetHints":{"allow":["GET"]}}],"collection":[{"href":"https:\/\/diarioregionaldigital.com.br\/index.php?rest_route=\/wp\/v2\/posts"}],"about":[{"href":"https:\/\/diarioregionaldigital.com.br\/index.php?rest_route=\/wp\/v2\/types\/post"}],"author":[{"embeddable":true,"href":"https:\/\/diarioregionaldigital.com.br\/index.php?rest_route=\/wp\/v2\/users\/246"}],"replies":[{"embeddable":true,"href":"https:\/\/diarioregionaldigital.com.br\/index.php?rest_route=%2Fwp%2Fv2%2Fcomments&post=200743"}],"version-history":[{"count":2,"href":"https:\/\/diarioregionaldigital.com.br\/index.php?rest_route=\/wp\/v2\/posts\/200743\/revisions"}],"predecessor-version":[{"id":200746,"href":"https:\/\/diarioregionaldigital.com.br\/index.php?rest_route=\/wp\/v2\/posts\/200743\/revisions\/200746"}],"wp:featuredmedia":[{"embeddable":true,"href":"https:\/\/diarioregionaldigital.com.br\/index.php?rest_route=\/wp\/v2\/media\/200744"}],"wp:attachment":[{"href":"https:\/\/diarioregionaldigital.com.br\/index.php?rest_route=%2Fwp%2Fv2%2Fmedia&parent=200743"}],"wp:term":[{"taxonomy":"category","embeddable":true,"href":"https:\/\/diarioregionaldigital.com.br\/index.php?rest_route=%2Fwp%2Fv2%2Fcategories&post=200743"},{"taxonomy":"post_tag","embeddable":true,"href":"https:\/\/diarioregionaldigital.com.br\/index.php?rest_route=%2Fwp%2Fv2%2Ftags&post=200743"}],"curies":[{"name":"wp","href":"https:\/\/api.w.org\/{rel}","templated":true}]}}