{"id":200740,"date":"2022-06-24T17:46:05","date_gmt":"2022-06-24T20:46:05","guid":{"rendered":"https:\/\/diarioregionaldigital.com.br\/?p=200740"},"modified":"2022-06-24T17:46:05","modified_gmt":"2022-06-24T20:46:05","slug":"pico-de-doencas-respiratorias-ja-passou-afirma-secretario-de-estado-de-saude","status":"publish","type":"post","link":"https:\/\/diarioregionaldigital.com.br\/?p=200740","title":{"rendered":"Pico de doen\u00e7as respirat\u00f3rias j\u00e1 passou, afirma secret\u00e1rio de Estado de Sa\u00fade"},"content":{"rendered":"<p>O atual registro de atendimentos dos casos de S\u00edndrome Respirat\u00f3ria Aguda Grave (SRAG) em Minas se deve \u00e0 sazonalidade das doen\u00e7as e deve apresentar queda nas pr\u00f3ximas semanas. De acordo com o secret\u00e1rio de Estado de\u00a0<a href=\"http:\/\/www.saude.mg.gov.br\/\" target=\"_blank\" rel=\"noopener\">Sa\u00fade<\/a>\u00a0de Minas Gerais, o m\u00e9dico F\u00e1bio Baccheretti, o aumento recente dos casos est\u00e1 dentro do esperado para as esta\u00e7\u00f5es de outono e inverno, que s\u00e3o prop\u00edcias ao surgimento dessas doen\u00e7as. Em entrevista coletiva realizada nesta sexta-feira (24\/6), na Cidade Administrativa, em Belo Horizonte, Baccheretti ressaltou que o pico para essas doen\u00e7as passou e que j\u00e1 \u00e9 poss\u00edvel observar uma queda no n\u00famero de atendimentos e interna\u00e7\u00f5es nos hospitais e Unidades de Pronto Atendimento (UPAs).<\/p>\n<p>\u201cEstamos vivendo um aumento do n\u00famero de casos respirat\u00f3rios, comum dessa \u00e9poca. Quando a gente olha o n\u00famero de casos de s\u00edndrome respirat\u00f3ria aguda grave de todas as doen\u00e7as, incluindo covid, em 2019 e hoje, n\u00e3o vemos uma diferen\u00e7a clara entre casos e interna\u00e7\u00f5es. N\u00e3o \u00e9 diferente em atendimentos pedi\u00e1tricos ou nas UPAs e hospitais. Estamos em queda de atendimentos nos hospitais e nas interna\u00e7\u00f5es. Por\u00e9m, mesmo com essa queda, ainda temos alguns casos mais graves em crian\u00e7as, vinculados a outras doen\u00e7as\u201d, alertou o secret\u00e1rio.<\/p>\n<p>Segundo Baccheretti, neste ano foi observada uma redu\u00e7\u00e3o do n\u00famero de atendimentos de crian\u00e7as por SRAG registrados no Hospital Infantil Jo\u00e3o Paulo II, em Belo Horizonte, em compara\u00e7\u00e3o com os anos anteriores \u00e0 pandemia. \u201cAntes da covid, em 2018 e 2019, a gente teve mais de 5 mil\u00a0atendimentos (no m\u00eas de mar\u00e7o) no Hospital Infantil Jo\u00e3o Paulo II. Neste ano foram 3,3 mil\u00a0atendimentos registrados. Ent\u00e3o, por mais que pare\u00e7a que tivemos um ano com muitos atendimentos, foram menos que antes da pandemia, o que demonstra que a covid \u00e9 s\u00f3 um fator a mais\u201d, destacou.<\/p>\n<p>O secret\u00e1rio de Sa\u00fade salientou que nesta \u00e9poca do ano outros v\u00edrus est\u00e3o circulando e causando doen\u00e7as em crian\u00e7as, adultos e idosos. No m\u00eas de mar\u00e7o houve uma propor\u00e7\u00e3o maior no n\u00famero de interna\u00e7\u00f5es infantis, quadro que j\u00e1 apresenta sinais de normaliza\u00e7\u00e3o. \u201cJ\u00e1 passamos pelo pior das doen\u00e7as sazonais na inf\u00e2ncia. Ainda estamos no inverno, que \u00e9 uma \u00e9poca complexa para as crian\u00e7as e, por este motivo, \u00e9 importante a vacina\u00e7\u00e3o desse p\u00fablico contra a gripe e covid. Se todas as crian\u00e7as estivessem vacinadas, a gente praticamente n\u00e3o teria interna\u00e7\u00f5es de covid e nem \u00f3bitos. Isso demonstra que temos a arma na m\u00e3o, que \u00e9 a vacina\u201d, refor\u00e7ou Baccheretti.<\/p>\n<p><strong>Vacina\u00e7\u00e3o contra a gripe e sarampo<\/strong><\/p>\n<p>Baccheretti informou ainda que, com o fim das campanhas nacionais de vacina\u00e7\u00e3o contra a gripe e o sarampo, nesta sexta, alguns munic\u00edpios j\u00e1 est\u00e3o disponibilizando os imunizantes para a popula\u00e7\u00e3o em geral. O secret\u00e1rio de Sa\u00fade refor\u00e7ou a orienta\u00e7\u00e3o para a popula\u00e7\u00e3o de vacinar. \u201c\u00c9 muito importante levar a vacina para o dia a dia das pessoas e fazer a busca ativa dos grupos priorit\u00e1rios, pois surte efeito. Entre os idosos conseguimos alcan\u00e7ar 70% de cobertura vacinal contra a gripe e estamos crescendo o n\u00famero de vacinados, tamb\u00e9m, contra o sarampo. Ainda temos boa parte da popula\u00e7\u00e3o que n\u00e3o se vacinou. O sarampo \u00e9 ainda mais contagioso que a covid. A maior arma para combater as doen\u00e7as j\u00e1 temos, \u00e9 a vacina\u201d, finalizou o secret\u00e1rio.<\/p>\n<p>A 24\u00aa Campanha de Vacina\u00e7\u00e3o contra a Influenza e a 8\u00aa Campanha Nacional de Seguimento contra o Sarampo come\u00e7aram em 4\/4\u00a0e seriam encerradas no dia 3\/6. Por\u00e9m, devido \u00e0 baixa ades\u00e3o, o prazo se estendeu at\u00e9 esta sexta-feira (24\/6).\u00a0At\u00e9 o momento, a SES-MG n\u00e3o recebeu orienta\u00e7\u00f5es do Minist\u00e9rio da Sa\u00fade sobre nova prorroga\u00e7\u00e3o.<\/p>\n<p>A cobertura vacinal contra o sarampo e contra a influenza das campanhas ficou abaixo da meta estipulada pelo Minist\u00e9rio da Sa\u00fade. A cobertura geral da vacina\u00e7\u00e3o contra a influenza teve 64,6% de ades\u00e3o e a meta \u00e9 de 90%. J\u00e1 a vacina\u00e7\u00e3o contra o sarampo ficou abaixo dos 60% e o objetivo \u00e9 atingir 95%. Confira:<\/p>\n<p><strong>&#8211; Campanha Nacional de Vacina\u00e7\u00e3o contra a Influenza 2022<\/strong><\/p>\n<p>COBERTURA GERAL: 64,6% (dos grupos priorit\u00e1rios compostos por crian\u00e7as, trabalhadores na sa\u00fade, gestantes, pu\u00e9rperas, ind\u00edgenas, idosos e professores)<\/p>\n<p>COBERTURA POR GRUPOS ELENCADOS PARA A VACINA\u00c7\u00c3O<\/p>\n<p>PU\u00c9RPERAS: 46,2%<\/p>\n<p>POVOS IND\u00cdGENAS: 74,3%<\/p>\n<p>GESTANTES: 41%<\/p>\n<p>PROFESSORES: 59%<\/p>\n<p>CRIAN\u00c7AS: 53,3%<\/p>\n<p>TRABALHADORES DE SA\u00daDE: 70,8%<\/p>\n<p>IDOSOS: 69,2%<\/p>\n<p>A meta preconizada pelo Minist\u00e9rio da Sa\u00fade \u00e9 de 90%.<\/p>\n<p><strong>Fonte:\u00a0<\/strong><a href=\"https:\/\/infoms.saude.gov.br\/extensions\/Influenza_2021\/Influenza_2021.html\" target=\"_blank\" rel=\"noopener\">Painel da\u00a0Campanha Nacional de Vacina\u00e7\u00e3o contra a Influenza 2022<\/a>\u00a0(dados de 23\/6\/2022).<br \/>\n<strong>&#8211; Campanha Nacional de Vacina\u00e7\u00e3o contra o Sarampo<\/strong><\/p>\n<p>CRIAN\u00c7AS: 57,93%<\/p>\n<p>TRABALHADORES DA SA\u00daDE: 52,1%<\/p>\n<p>A meta preconizada pelo Minist\u00e9rio da Sa\u00fade \u00e9 de 95%.<\/p>\n<p><strong>Fonte:<\/strong>\u00a0<a href=\"https:\/\/infoms.saude.gov.br\/extensions\/DEMAS_SARAMPO\/DEMAS_SARAMPO.html\" target=\"_blank\" rel=\"noopener\">Painel da Campanha Nacional de Vacina\u00e7\u00e3o contra o Sarampo<\/a>\u00a0(dados de 23\/6\/2022).<\/p>\n<p><span style=\"font-weight: 400;\">Fonte: Ag\u00eancia Minas <\/span><\/p>\n","protected":false},"excerpt":{"rendered":"<p>O atual registro de atendimentos dos casos de S\u00edndrome Respirat\u00f3ria Aguda Grave (SRAG) em Minas se deve \u00e0 sazonalidade das doen\u00e7as e deve apresentar queda nas pr\u00f3ximas semanas. De acordo com o secret\u00e1rio de Estado de\u00a0Sa\u00fade\u00a0de Minas Gerais, o m\u00e9dico F\u00e1bio Baccheretti, o aumento recente dos casos est\u00e1 dentro do esperado para as esta\u00e7\u00f5es de [&hellip;]<\/p>\n","protected":false},"author":246,"featured_media":200741,"comment_status":"closed","ping_status":"closed","sticky":false,"template":"","format":"standard","meta":{"footnotes":""},"categories":[436,440,254,439],"tags":[],"class_list":["post-200740","post","type-post","status-publish","format-standard","has-post-thumbnail","hentry","category-destaque-da-semana","category-destaques-do-dia","category-politica","category-ultima-hora"],"_links":{"self":[{"href":"https:\/\/diarioregionaldigital.com.br\/index.php?rest_route=\/wp\/v2\/posts\/200740","targetHints":{"allow":["GET"]}}],"collection":[{"href":"https:\/\/diarioregionaldigital.com.br\/index.php?rest_route=\/wp\/v2\/posts"}],"about":[{"href":"https:\/\/diarioregionaldigital.com.br\/index.php?rest_route=\/wp\/v2\/types\/post"}],"author":[{"embeddable":true,"href":"https:\/\/diarioregionaldigital.com.br\/index.php?rest_route=\/wp\/v2\/users\/246"}],"replies":[{"embeddable":true,"href":"https:\/\/diarioregionaldigital.com.br\/index.php?rest_route=%2Fwp%2Fv2%2Fcomments&post=200740"}],"version-history":[{"count":1,"href":"https:\/\/diarioregionaldigital.com.br\/index.php?rest_route=\/wp\/v2\/posts\/200740\/revisions"}],"predecessor-version":[{"id":200742,"href":"https:\/\/diarioregionaldigital.com.br\/index.php?rest_route=\/wp\/v2\/posts\/200740\/revisions\/200742"}],"wp:featuredmedia":[{"embeddable":true,"href":"https:\/\/diarioregionaldigital.com.br\/index.php?rest_route=\/wp\/v2\/media\/200741"}],"wp:attachment":[{"href":"https:\/\/diarioregionaldigital.com.br\/index.php?rest_route=%2Fwp%2Fv2%2Fmedia&parent=200740"}],"wp:term":[{"taxonomy":"category","embeddable":true,"href":"https:\/\/diarioregionaldigital.com.br\/index.php?rest_route=%2Fwp%2Fv2%2Fcategories&post=200740"},{"taxonomy":"post_tag","embeddable":true,"href":"https:\/\/diarioregionaldigital.com.br\/index.php?rest_route=%2Fwp%2Fv2%2Ftags&post=200740"}],"curies":[{"name":"wp","href":"https:\/\/api.w.org\/{rel}","templated":true}]}}