{"id":200737,"date":"2022-06-24T17:41:08","date_gmt":"2022-06-24T20:41:08","guid":{"rendered":"https:\/\/diarioregionaldigital.com.br\/?p=200737"},"modified":"2022-06-24T17:41:08","modified_gmt":"2022-06-24T20:41:08","slug":"cmn-publica-decisao-fixando-em-3-meta-de-inflacao-para-2025","status":"publish","type":"post","link":"https:\/\/diarioregionaldigital.com.br\/?p=200737","title":{"rendered":"CMN publica decis\u00e3o fixando em 3% meta de infla\u00e7\u00e3o para 2025"},"content":{"rendered":"<p>O\u00a0<em><a href=\"http:\/\/in.gov.br\/en\/web\/dou\/-\/resolucao-cmn-n-5.018-de-23-de-junho-de-2022-410030790\" target=\"_blank\" rel=\"noopener\">Di\u00e1rio Oficial da Uni\u00e3o<\/a>\u00a0<\/em>de hoje (24) publica \u00a0resolu\u00e7\u00e3o do Conselho Monet\u00e1rio Nacional (CMN) que fixa em 3% a meta de infla\u00e7\u00e3o para 2025, com uma toler\u00e2ncia de 1,5 ponto percentual para cima ou para baixo. O percentual foi anunciado ontem (23) pelo Minist\u00e9rio da Economia.<img decoding=\"async\" src=\"https:\/\/agenciabrasil.ebc.com.br\/ebc.png?id=1467449&amp;o=node\" \/><img decoding=\"async\" src=\"https:\/\/agenciabrasil.ebc.com.br\/ebc.gif?id=1467449&amp;o=node\" \/><\/p>\n<p>Medida pelo \u00cdndice Nacional de Pre\u00e7os ao Consumidor Amplo (IPCA), a infla\u00e7\u00e3o de 2022 tem, como centro da meta definida pelo CMN, 3,5%. Para 2023 e 2024, as metas est\u00e3o mantidas em 3,25% e 3%, respectivamente, com o mesmo intervalo de toler\u00e2ncia.<\/p>\n<p>A meta de infla\u00e7\u00e3o deve ser perseguida pelo BC ao definir a taxa b\u00e1sica de juros, a Selic. Quando o Comit\u00ea de Pol\u00edtica Monet\u00e1ria (Copom) aumenta a Selic, pretende conter a demanda aquecida e segurar os pre\u00e7os ao encarecer o cr\u00e9dito e estimular a poupan\u00e7a. Ao diminuir os juros b\u00e1sicos, o Copom torna mais barato o cr\u00e9dito, incentivando a produ\u00e7\u00e3o e o consumo.<\/p>\n<h2>Hist\u00f3rico<\/h2>\n<p>At\u00e9 2016, a meta de infla\u00e7\u00e3o era fixada com dois anos de anteced\u00eancia, mas um decreto publicado no Di\u00e1rio Oficial da Uni\u00e3o em junho de 2017 determinou que a defini\u00e7\u00e3o passasse a ser feita tr\u00eas anos antes.<\/p>\n<p>Segundo o Banco Central (BC), a mudan\u00e7a teve como finalidade reduzir as incertezas e melhorar a capacidade de planejamento das fam\u00edlias, \u00a0empresas e governo.<\/p>\n<p>Desde 2005, o centro da meta de infla\u00e7\u00e3o estava em 4,5%, com 2,5 pontos de margem de toler\u00e2ncia. Em 2006, o intervalo caiu para dois pontos e permaneceu assim nos anos seguintes, at\u00e9 ser cair para 1,5 ponto para 2017 e 2018, algo que ser\u00e1 mantido agora at\u00e9 2025.<\/p>\n<p><span style=\"font-weight: 400;\">Fonte: Ag\u00eancia Brasil <\/span><\/p>\n","protected":false},"excerpt":{"rendered":"<p>O\u00a0Di\u00e1rio Oficial da Uni\u00e3o\u00a0de hoje (24) publica \u00a0resolu\u00e7\u00e3o do Conselho Monet\u00e1rio Nacional (CMN) que fixa em 3% a meta de infla\u00e7\u00e3o para 2025, com uma toler\u00e2ncia de 1,5 ponto percentual para cima ou para baixo. O percentual foi anunciado ontem (23) pelo Minist\u00e9rio da Economia. Medida pelo \u00cdndice Nacional de Pre\u00e7os ao Consumidor Amplo (IPCA), [&hellip;]<\/p>\n","protected":false},"author":246,"featured_media":200738,"comment_status":"closed","ping_status":"closed","sticky":false,"template":"","format":"standard","meta":{"footnotes":""},"categories":[436,261,439],"tags":[],"class_list":["post-200737","post","type-post","status-publish","format-standard","has-post-thumbnail","hentry","category-destaque-da-semana","category-economia","category-ultima-hora"],"_links":{"self":[{"href":"https:\/\/diarioregionaldigital.com.br\/index.php?rest_route=\/wp\/v2\/posts\/200737","targetHints":{"allow":["GET"]}}],"collection":[{"href":"https:\/\/diarioregionaldigital.com.br\/index.php?rest_route=\/wp\/v2\/posts"}],"about":[{"href":"https:\/\/diarioregionaldigital.com.br\/index.php?rest_route=\/wp\/v2\/types\/post"}],"author":[{"embeddable":true,"href":"https:\/\/diarioregionaldigital.com.br\/index.php?rest_route=\/wp\/v2\/users\/246"}],"replies":[{"embeddable":true,"href":"https:\/\/diarioregionaldigital.com.br\/index.php?rest_route=%2Fwp%2Fv2%2Fcomments&post=200737"}],"version-history":[{"count":1,"href":"https:\/\/diarioregionaldigital.com.br\/index.php?rest_route=\/wp\/v2\/posts\/200737\/revisions"}],"predecessor-version":[{"id":200739,"href":"https:\/\/diarioregionaldigital.com.br\/index.php?rest_route=\/wp\/v2\/posts\/200737\/revisions\/200739"}],"wp:featuredmedia":[{"embeddable":true,"href":"https:\/\/diarioregionaldigital.com.br\/index.php?rest_route=\/wp\/v2\/media\/200738"}],"wp:attachment":[{"href":"https:\/\/diarioregionaldigital.com.br\/index.php?rest_route=%2Fwp%2Fv2%2Fmedia&parent=200737"}],"wp:term":[{"taxonomy":"category","embeddable":true,"href":"https:\/\/diarioregionaldigital.com.br\/index.php?rest_route=%2Fwp%2Fv2%2Fcategories&post=200737"},{"taxonomy":"post_tag","embeddable":true,"href":"https:\/\/diarioregionaldigital.com.br\/index.php?rest_route=%2Fwp%2Fv2%2Ftags&post=200737"}],"curies":[{"name":"wp","href":"https:\/\/api.w.org\/{rel}","templated":true}]}}