{"id":200733,"date":"2022-06-24T17:39:44","date_gmt":"2022-06-24T20:39:44","guid":{"rendered":"https:\/\/diarioregionaldigital.com.br\/?p=200733"},"modified":"2022-06-24T17:39:44","modified_gmt":"2022-06-24T20:39:44","slug":"previa-da-inflacao-oficial-e-de-069-em-junho","status":"publish","type":"post","link":"https:\/\/diarioregionaldigital.com.br\/?p=200733","title":{"rendered":"Pr\u00e9via da infla\u00e7\u00e3o oficial \u00e9 de 0,69% em junho"},"content":{"rendered":"<p>O \u00cdndice Nacional de Pre\u00e7os ao Consumidor Amplo \u2013 15 (IPCA-15), que mede a pr\u00e9via da infla\u00e7\u00e3o oficial, teve alta de pre\u00e7os de 0,69% em junho deste ano. O percentual \u00e9 maior que o de maio (0,59%), mas menor que o de junho de 2021 (0,83%). A pesquisa foi divulgada hoje (24), no Rio de Janeiro, pelo Instituto Brasileiro de Geografia e Estat\u00edstica (IBGE).<img decoding=\"async\" src=\"https:\/\/agenciabrasil.ebc.com.br\/ebc.png?id=1467457&amp;o=node\" \/><img decoding=\"async\" src=\"https:\/\/agenciabrasil.ebc.com.br\/ebc.gif?id=1467457&amp;o=node\" \/><\/p>\n<p>Com o resultado, o IPCA-15 acumula 5,65% no ano e \u00a03,04% no trimestre. O IPCA-15 trimestral tamb\u00e9m \u00e9 chamado de IPCA-E.<\/p>\n<p>No acumulado de 12 meses, o IPCA-15 \u00e9 de 12,04%, abaixo dos 12,20% acumulados na pr\u00e9via de maio.<\/p>\n<p>Na pr\u00e9via de junho, todos os grupos de despesas tiveram infla\u00e7\u00e3o, com destaque para os transportes (0,84%) e sa\u00fade e cuidados pessoais (1,27%). Tamb\u00e9m se destacaram os grupos habita\u00e7\u00e3o (0,66%) e vestu\u00e1rio (1,77%).<\/p>\n<h2>Planos de sa\u00fade<\/h2>\n<p>Um dos principais respons\u00e1veis pela infla\u00e7\u00e3o na pr\u00e9via de junho foi o reajuste de 15,50% dos planos de sa\u00fade, autorizado pela Ag\u00eancia Nacional de Sa\u00fade Suplementar (ANS) em 26 de maio.<\/p>\n<p>Entre os transportes, os principais respons\u00e1veis pela alta de pre\u00e7os foram itens como \u00f3leo diesel (2,83%), \u00a0passagens a\u00e9reas (11,36%) e seguro volunt\u00e1rio de ve\u00edculos (4,30%). Ao mesmo tempo, houve quedas nos pre\u00e7os do etanol (-4,41%) e da gasolina (-0,27%).<\/p>\n<p>Na habita\u00e7\u00e3o, houve altas nos custos da \u00e1gua e esgoto (4,29%) e no g\u00e1s encanado (2,04%).<\/p>\n<p>Os alimentos tiveram redu\u00e7\u00e3o no ritmo de aumento de pre\u00e7os de maio para junho, ao passar de uma taxa de 1,52% na pr\u00e9via de maio para 0,25% em junho. O comportamento foi influenciado pelos alimentos para consumo no domic\u00edlio, que sa\u00edram de uma infla\u00e7\u00e3o de 1,71% no m\u00eas anterior para 0,08% na pr\u00e9via de junho.<\/p>\n<p>O leite longa vida, que havia subido 7,99% na pr\u00e9via anterior, registrou 3,45% em junho. Tamb\u00e9m foram observadas quedas de pre\u00e7os em produtos como cenoura (-27,52%), tomate (-12,76%)<\/p>\n<p><span style=\"font-weight: 400;\">Fonte: Ag\u00eancia Brasil\u00a0<\/span><span style=\"font-weight: 400;\"><br \/>\n<\/span><\/p>\n","protected":false},"excerpt":{"rendered":"<p>O \u00cdndice Nacional de Pre\u00e7os ao Consumidor Amplo \u2013 15 (IPCA-15), que mede a pr\u00e9via da infla\u00e7\u00e3o oficial, teve alta de pre\u00e7os de 0,69% em junho deste ano. O percentual \u00e9 maior que o de maio (0,59%), mas menor que o de junho de 2021 (0,83%). A pesquisa foi divulgada hoje (24), no Rio de [&hellip;]<\/p>\n","protected":false},"author":246,"featured_media":200734,"comment_status":"closed","ping_status":"closed","sticky":false,"template":"","format":"standard","meta":{"footnotes":""},"categories":[436,261,439],"tags":[],"class_list":["post-200733","post","type-post","status-publish","format-standard","has-post-thumbnail","hentry","category-destaque-da-semana","category-economia","category-ultima-hora"],"_links":{"self":[{"href":"https:\/\/diarioregionaldigital.com.br\/index.php?rest_route=\/wp\/v2\/posts\/200733","targetHints":{"allow":["GET"]}}],"collection":[{"href":"https:\/\/diarioregionaldigital.com.br\/index.php?rest_route=\/wp\/v2\/posts"}],"about":[{"href":"https:\/\/diarioregionaldigital.com.br\/index.php?rest_route=\/wp\/v2\/types\/post"}],"author":[{"embeddable":true,"href":"https:\/\/diarioregionaldigital.com.br\/index.php?rest_route=\/wp\/v2\/users\/246"}],"replies":[{"embeddable":true,"href":"https:\/\/diarioregionaldigital.com.br\/index.php?rest_route=%2Fwp%2Fv2%2Fcomments&post=200733"}],"version-history":[{"count":2,"href":"https:\/\/diarioregionaldigital.com.br\/index.php?rest_route=\/wp\/v2\/posts\/200733\/revisions"}],"predecessor-version":[{"id":200736,"href":"https:\/\/diarioregionaldigital.com.br\/index.php?rest_route=\/wp\/v2\/posts\/200733\/revisions\/200736"}],"wp:featuredmedia":[{"embeddable":true,"href":"https:\/\/diarioregionaldigital.com.br\/index.php?rest_route=\/wp\/v2\/media\/200734"}],"wp:attachment":[{"href":"https:\/\/diarioregionaldigital.com.br\/index.php?rest_route=%2Fwp%2Fv2%2Fmedia&parent=200733"}],"wp:term":[{"taxonomy":"category","embeddable":true,"href":"https:\/\/diarioregionaldigital.com.br\/index.php?rest_route=%2Fwp%2Fv2%2Fcategories&post=200733"},{"taxonomy":"post_tag","embeddable":true,"href":"https:\/\/diarioregionaldigital.com.br\/index.php?rest_route=%2Fwp%2Fv2%2Ftags&post=200733"}],"curies":[{"name":"wp","href":"https:\/\/api.w.org\/{rel}","templated":true}]}}