{"id":200729,"date":"2022-06-24T17:38:14","date_gmt":"2022-06-24T20:38:14","guid":{"rendered":"https:\/\/diarioregionaldigital.com.br\/?p=200729"},"modified":"2022-06-24T17:38:14","modified_gmt":"2022-06-24T20:38:14","slug":"confianca-do-consumidor-volta-a-crescer-em-junho","status":"publish","type":"post","link":"https:\/\/diarioregionaldigital.com.br\/?p=200729","title":{"rendered":"Confian\u00e7a do consumidor volta a crescer em junho"},"content":{"rendered":"<p>O\u00a0\u00cdndice de Confian\u00e7a do Consumidor (ICC),\u00a0medido pela Funda\u00e7\u00e3o Getulio Vargas (FGV), registrou alta de 3,5 pontos em junho deste ano\u00a0na compara\u00e7\u00e3o com o m\u00eas anterior. O crescimento do indicador veio depois de uma queda de 3,1 pontos\u00a0de abril\u00a0para maio.<img decoding=\"async\" src=\"https:\/\/agenciabrasil.ebc.com.br\/ebc.png?id=1467452&amp;o=node\" \/><img decoding=\"async\" src=\"https:\/\/agenciabrasil.ebc.com.br\/ebc.gif?id=1467452&amp;o=node\" \/><\/p>\n<p>Com o resultado, o ICC atingiu 79 pontos, em uma escala de 0 a 200 pontos, o melhor resultado desde agosto do ano passado (81,8 pontos).<\/p>\n<p>O \u00cdndice de Situa\u00e7\u00e3o Atual (ISA), que mede a percep\u00e7\u00e3o do consumidor brasileiro\u00a0no presente, subiu 1,3 ponto e chegou a 70,4 pontos, melhor resultado desde julho de 2021 (70,9 pontos). J\u00e1 o \u00cdndice de Expectativas (IE), que mede a confian\u00e7a no futuro, cresceu 4,9 pontos e atingiu 85,9 pontos, ficando ainda abaixo\u00a0de abril\u00a0(86,1 pontos).<\/p>\n<p><span style=\"font-weight: 400;\">Fonte: Ag\u00eancia Brasil <\/span><\/p>\n","protected":false},"excerpt":{"rendered":"<p>O\u00a0\u00cdndice de Confian\u00e7a do Consumidor (ICC),\u00a0medido pela Funda\u00e7\u00e3o Getulio Vargas (FGV), registrou alta de 3,5 pontos em junho deste ano\u00a0na compara\u00e7\u00e3o com o m\u00eas anterior. O crescimento do indicador veio depois de uma queda de 3,1 pontos\u00a0de abril\u00a0para maio. Com o resultado, o ICC atingiu 79 pontos, em uma escala de 0 a 200 pontos, [&hellip;]<\/p>\n","protected":false},"author":246,"featured_media":200730,"comment_status":"closed","ping_status":"closed","sticky":false,"template":"","format":"standard","meta":{"footnotes":""},"categories":[436,261,439],"tags":[],"class_list":["post-200729","post","type-post","status-publish","format-standard","has-post-thumbnail","hentry","category-destaque-da-semana","category-economia","category-ultima-hora"],"_links":{"self":[{"href":"https:\/\/diarioregionaldigital.com.br\/index.php?rest_route=\/wp\/v2\/posts\/200729","targetHints":{"allow":["GET"]}}],"collection":[{"href":"https:\/\/diarioregionaldigital.com.br\/index.php?rest_route=\/wp\/v2\/posts"}],"about":[{"href":"https:\/\/diarioregionaldigital.com.br\/index.php?rest_route=\/wp\/v2\/types\/post"}],"author":[{"embeddable":true,"href":"https:\/\/diarioregionaldigital.com.br\/index.php?rest_route=\/wp\/v2\/users\/246"}],"replies":[{"embeddable":true,"href":"https:\/\/diarioregionaldigital.com.br\/index.php?rest_route=%2Fwp%2Fv2%2Fcomments&post=200729"}],"version-history":[{"count":2,"href":"https:\/\/diarioregionaldigital.com.br\/index.php?rest_route=\/wp\/v2\/posts\/200729\/revisions"}],"predecessor-version":[{"id":200732,"href":"https:\/\/diarioregionaldigital.com.br\/index.php?rest_route=\/wp\/v2\/posts\/200729\/revisions\/200732"}],"wp:featuredmedia":[{"embeddable":true,"href":"https:\/\/diarioregionaldigital.com.br\/index.php?rest_route=\/wp\/v2\/media\/200730"}],"wp:attachment":[{"href":"https:\/\/diarioregionaldigital.com.br\/index.php?rest_route=%2Fwp%2Fv2%2Fmedia&parent=200729"}],"wp:term":[{"taxonomy":"category","embeddable":true,"href":"https:\/\/diarioregionaldigital.com.br\/index.php?rest_route=%2Fwp%2Fv2%2Fcategories&post=200729"},{"taxonomy":"post_tag","embeddable":true,"href":"https:\/\/diarioregionaldigital.com.br\/index.php?rest_route=%2Fwp%2Fv2%2Ftags&post=200729"}],"curies":[{"name":"wp","href":"https:\/\/api.w.org\/{rel}","templated":true}]}}