{"id":200726,"date":"2022-06-24T17:36:40","date_gmt":"2022-06-24T20:36:40","guid":{"rendered":"https:\/\/diarioregionaldigital.com.br\/?p=200726"},"modified":"2022-06-24T17:36:40","modified_gmt":"2022-06-24T20:36:40","slug":"presidente-sanciona-com-vetos-lei-que-previa-compensacoes-de-icms","status":"publish","type":"post","link":"https:\/\/diarioregionaldigital.com.br\/?p=200726","title":{"rendered":"Presidente sanciona com vetos lei que previa compensa\u00e7\u00f5es de ICMS"},"content":{"rendered":"<div class=\"post-item-wrap\">\n<p>O presidente Jair Bolsonaro sancionou com vetos o projeto de lei aprovado pelo Congresso Nacional que prev\u00ea um teto limitando o Imposto sobre Circula\u00e7\u00e3o de Mercadorias e Servi\u00e7os (ICMS) que incide sobre combust\u00edveis, energia el\u00e9trica, comunica\u00e7\u00f5es e transportes coletivos, itens que, segundo o texto, s\u00e3o considerados essenciais \u201cpara fins de tributa\u00e7\u00e3o\u201d.<img decoding=\"async\" src=\"https:\/\/agenciabrasil.ebc.com.br\/ebc.png?id=1467473&amp;o=node\" \/><img decoding=\"async\" src=\"https:\/\/agenciabrasil.ebc.com.br\/ebc.gif?id=1467473&amp;o=node\" \/><\/p>\n<p>O despacho presidencial apresentando as justificativas para o veto foi publicado em\u00a0<a href=\"https:\/\/www.in.gov.br\/en\/web\/dou\/-\/despacho-do-presidente-da-republica-410028147\" target=\"_blank\" rel=\"noopener\">edi\u00e7\u00e3o extra do Di\u00e1rio Oficial da Uni\u00e3o<\/a>\u00a0na noite desta\u00a0quinta-feira (24).<\/p>\n<p>Ao definir como essenciais esses itens, a\u00a0<a href=\"https:\/\/agenciabrasil.ebc.com.br\/politica\/noticia\/2022-06\/camara-conclui-votacao-de-projeto-que-limita-icms-dos-combustiveis\" target=\"_blank\" rel=\"noopener\">nova lei<\/a>\u00a0n\u00e3o permite, \u00e0s unidades federativas, cobrar taxas com percentual acima da al\u00edquota do referido imposto, que varia entre 17% e 18% \u2013 percentual inferior ao cobrado para os demais itens, considerados \u201csup\u00e9rfluos\u201d.<\/p>\n<p>Entre os vetos feitos pelo presidente est\u00e1 o artigo que garantia, aos entes da federa\u00e7\u00e3o, uma compensa\u00e7\u00e3o caso tivesse perda de recursos, causada pela pr\u00f3pria Lei Complementar. O texto garantia\u00a0a disponibilidade financeira para que \u201cos m\u00ednimos constitucionais em sa\u00fade e em educa\u00e7\u00e3o\u201d \u2013 o que incluiria os recursos do Fundo de Manuten\u00e7\u00e3o da Educa\u00e7\u00e3o B\u00e1sica (Fundeb) \u2013 fossem mantidos.<\/p>\n<p>Nas raz\u00f5es apresentadas pelo presidente Bolsonaro para o veto est\u00e1 a de que a proposi\u00e7\u00e3o contraria o interesse p\u00fablico \u201cao permitir a cria\u00e7\u00e3o de despesa p\u00fablica de car\u00e1ter\u00a0continuado, diferente das medidas tempor\u00e1rias aprovadas nos outros artigos da mesma proposi\u00e7\u00e3o, bem como ao estabelecer que a Uni\u00e3o compensaria os entes da federa\u00e7\u00e3o, sem prazo definido, para que os m\u00ednimos constitucionais da sa\u00fade e da educa\u00e7\u00e3o e o Fundeb tivessem as mesmas disponibilidades financeiras na compara\u00e7\u00e3o com a situa\u00e7\u00e3o em vigor antes da Lei Complementar\u201d.<\/p>\n<p>Ainda segundo a justificativa apresentada,\u00a0a proposi\u00e7\u00e3o \u201ccriaria compensa\u00e7\u00f5es para a Uni\u00e3o e despesas para os estados e munic\u00edpios que poderiam ampliar poss\u00edveis desequil\u00edbrios financeiros\u201d.<\/p>\n<p>Foi tamb\u00e9m vetado trecho de um artigo prevendo que estados e munic\u00edpios transfeririam as \u201cparcelas relativas \u00e0 quota-parte do ICMS\u201d na \u201cpropor\u00e7\u00e3o da dedu\u00e7\u00e3o dos contratos de d\u00edvida com aval da Uni\u00e3o\u201d, bem como na propor\u00e7\u00e3o da parcela apropriada da Compensa\u00e7\u00e3o Financeira pela Explora\u00e7\u00e3o de Recursos Minerais (CFEM).<\/p>\n<p>Entre as justificativas para o veto presidencial est\u00e1 a de que a proposi\u00e7\u00e3o legislativa \u201ccriaria compensa\u00e7\u00f5es para a Uni\u00e3o de maior complexidade e de custo financeiro sem real efetividade, haja vista que, a despeito do ambiente de pandemia, nos \u00faltimos dois anos foi observada melhora significativa na situa\u00e7\u00e3o fiscal de estados e munic\u00edpios, especialmente em decorr\u00eancia do crescimento da arrecada\u00e7\u00e3o de ICMS\u201d.<\/p>\n<p><span style=\"font-weight: 400;\">Fonte: Ag\u00eancia Brasil <\/span><\/p>\n<\/div>\n","protected":false},"excerpt":{"rendered":"<p>O presidente Jair Bolsonaro sancionou com vetos o projeto de lei aprovado pelo Congresso Nacional que prev\u00ea um teto limitando o Imposto sobre Circula\u00e7\u00e3o de Mercadorias e Servi\u00e7os (ICMS) que incide sobre combust\u00edveis, energia el\u00e9trica, comunica\u00e7\u00f5es e transportes coletivos, itens que, segundo o texto, s\u00e3o considerados essenciais \u201cpara fins de tributa\u00e7\u00e3o\u201d. O despacho presidencial apresentando [&hellip;]<\/p>\n","protected":false},"author":246,"featured_media":200727,"comment_status":"closed","ping_status":"closed","sticky":false,"template":"","format":"standard","meta":{"footnotes":""},"categories":[436,440,261,439],"tags":[],"class_list":["post-200726","post","type-post","status-publish","format-standard","has-post-thumbnail","hentry","category-destaque-da-semana","category-destaques-do-dia","category-economia","category-ultima-hora"],"_links":{"self":[{"href":"https:\/\/diarioregionaldigital.com.br\/index.php?rest_route=\/wp\/v2\/posts\/200726","targetHints":{"allow":["GET"]}}],"collection":[{"href":"https:\/\/diarioregionaldigital.com.br\/index.php?rest_route=\/wp\/v2\/posts"}],"about":[{"href":"https:\/\/diarioregionaldigital.com.br\/index.php?rest_route=\/wp\/v2\/types\/post"}],"author":[{"embeddable":true,"href":"https:\/\/diarioregionaldigital.com.br\/index.php?rest_route=\/wp\/v2\/users\/246"}],"replies":[{"embeddable":true,"href":"https:\/\/diarioregionaldigital.com.br\/index.php?rest_route=%2Fwp%2Fv2%2Fcomments&post=200726"}],"version-history":[{"count":1,"href":"https:\/\/diarioregionaldigital.com.br\/index.php?rest_route=\/wp\/v2\/posts\/200726\/revisions"}],"predecessor-version":[{"id":200728,"href":"https:\/\/diarioregionaldigital.com.br\/index.php?rest_route=\/wp\/v2\/posts\/200726\/revisions\/200728"}],"wp:featuredmedia":[{"embeddable":true,"href":"https:\/\/diarioregionaldigital.com.br\/index.php?rest_route=\/wp\/v2\/media\/200727"}],"wp:attachment":[{"href":"https:\/\/diarioregionaldigital.com.br\/index.php?rest_route=%2Fwp%2Fv2%2Fmedia&parent=200726"}],"wp:term":[{"taxonomy":"category","embeddable":true,"href":"https:\/\/diarioregionaldigital.com.br\/index.php?rest_route=%2Fwp%2Fv2%2Fcategories&post=200726"},{"taxonomy":"post_tag","embeddable":true,"href":"https:\/\/diarioregionaldigital.com.br\/index.php?rest_route=%2Fwp%2Fv2%2Ftags&post=200726"}],"curies":[{"name":"wp","href":"https:\/\/api.w.org\/{rel}","templated":true}]}}