{"id":200722,"date":"2022-06-24T11:56:33","date_gmt":"2022-06-24T14:56:33","guid":{"rendered":"https:\/\/diarioregionaldigital.com.br\/?p=200722"},"modified":"2022-06-29T14:12:22","modified_gmt":"2022-06-29T17:12:22","slug":"policia-militar-prende-autor-e-apreende-arma-de-fogo-no-bairro-caicaras","status":"publish","type":"post","link":"https:\/\/diarioregionaldigital.com.br\/?p=200722","title":{"rendered":"Pol\u00edcia Militar prende autor e apreende arma de fogo no bairro Cai\u00e7aras"},"content":{"rendered":"<p>No dia de ontem, por volta das 22h01min, durante patrulhamento da Pol\u00edcia Militar pela Av Dnar Rocha no bairro Cai\u00e7aras, um suspeito foi visualizado portando arma de fogo. Imediatamente foi abordado e o rev\u00f3lver cal.32 localizado e apreendido. Segundo informa\u00e7\u00f5es do pr\u00f3prio autor de 18 anos, a arma seria utilizada para uma vingan\u00e7a. Autor preso e conduzido \u00e0<br \/>\nDelegacia.<\/p>\n","protected":false},"excerpt":{"rendered":"<p>No dia de ontem, por volta das 22h01min, durante patrulhamento da Pol\u00edcia Militar pela Av Dnar Rocha no bairro Cai\u00e7aras, um suspeito foi visualizado portando arma de fogo. Imediatamente foi abordado e o rev\u00f3lver cal.32 localizado e apreendido. Segundo informa\u00e7\u00f5es do pr\u00f3prio autor de 18 anos, a arma seria utilizada para uma vingan\u00e7a. Autor preso [&hellip;]<\/p>\n","protected":false},"author":246,"featured_media":200723,"comment_status":"closed","ping_status":"closed","sticky":false,"template":"","format":"standard","meta":{"footnotes":""},"categories":[301,436,439],"tags":[],"class_list":["post-200722","post","type-post","status-publish","format-standard","has-post-thumbnail","hentry","category-artigos-policiais","category-destaque-da-semana","category-ultima-hora"],"_links":{"self":[{"href":"https:\/\/diarioregionaldigital.com.br\/index.php?rest_route=\/wp\/v2\/posts\/200722","targetHints":{"allow":["GET"]}}],"collection":[{"href":"https:\/\/diarioregionaldigital.com.br\/index.php?rest_route=\/wp\/v2\/posts"}],"about":[{"href":"https:\/\/diarioregionaldigital.com.br\/index.php?rest_route=\/wp\/v2\/types\/post"}],"author":[{"embeddable":true,"href":"https:\/\/diarioregionaldigital.com.br\/index.php?rest_route=\/wp\/v2\/users\/246"}],"replies":[{"embeddable":true,"href":"https:\/\/diarioregionaldigital.com.br\/index.php?rest_route=%2Fwp%2Fv2%2Fcomments&post=200722"}],"version-history":[{"count":2,"href":"https:\/\/diarioregionaldigital.com.br\/index.php?rest_route=\/wp\/v2\/posts\/200722\/revisions"}],"predecessor-version":[{"id":200915,"href":"https:\/\/diarioregionaldigital.com.br\/index.php?rest_route=\/wp\/v2\/posts\/200722\/revisions\/200915"}],"wp:featuredmedia":[{"embeddable":true,"href":"https:\/\/diarioregionaldigital.com.br\/index.php?rest_route=\/wp\/v2\/media\/200723"}],"wp:attachment":[{"href":"https:\/\/diarioregionaldigital.com.br\/index.php?rest_route=%2Fwp%2Fv2%2Fmedia&parent=200722"}],"wp:term":[{"taxonomy":"category","embeddable":true,"href":"https:\/\/diarioregionaldigital.com.br\/index.php?rest_route=%2Fwp%2Fv2%2Fcategories&post=200722"},{"taxonomy":"post_tag","embeddable":true,"href":"https:\/\/diarioregionaldigital.com.br\/index.php?rest_route=%2Fwp%2Fv2%2Ftags&post=200722"}],"curies":[{"name":"wp","href":"https:\/\/api.w.org\/{rel}","templated":true}]}}