{"id":200707,"date":"2022-06-24T02:25:22","date_gmt":"2022-06-24T05:25:22","guid":{"rendered":"https:\/\/diarioregionaldigital.com.br\/?p=200707"},"modified":"2022-06-24T02:25:22","modified_gmt":"2022-06-24T05:25:22","slug":"prefeitura-municipal-de-descoberto-extrato-de-contrato-24-06-2022-3","status":"publish","type":"post","link":"https:\/\/diarioregionaldigital.com.br\/?p=200707","title":{"rendered":"Prefeitura Municipal de Descoberto &#8211; Extrato de Contrato &#8211; 24\/06\/2022"},"content":{"rendered":"<p style=\"text-align: center;\"><strong>EXTRATO DE CONTRATO<\/strong><\/p>\n<p style=\"text-align: center;\">Pref. Municipal de Descoberto x Posto Brotinho Ltda \u2013 Aquisi\u00e7\u00e3o de combust\u00edvel para todos setores da Prefeitura \u2013 Fundamento: Inexigibilidade \u00a0n\u00ba 005\/2022\u00a0 &#8211;\u00a0 Valor Global: R$ 719.744,00- Vig\u00eancia: 04 meses &#8211;\u00a0 Dot or\u00e7: 02.02006.15.122.0002.201-339030\/100- 02.2001.04.122.002.202-339030\/100- 02.02002.04.181.0002.222-33903\/100- 02.02007.08.243.0002.224-339030\/129- 02.02008.08.244.0011.231-339030\/100- 02.02004.12.361.0003.255-339030\/101- Ass: 22\/06\/2022 &#8211; Foro: S\u00e3o Jo\u00e3o Nepomuceno\/MG.<\/p>\n<p style=\"text-align: center;\"><strong>Marcos de Ara\u00fajo Lima<\/strong><\/p>\n<p style=\"text-align: center;\"><strong>Prefeito Municipal<\/strong><\/p>\n","protected":false},"excerpt":{"rendered":"<p>EXTRATO DE CONTRATO Pref. Municipal de Descoberto x Posto Brotinho Ltda \u2013 Aquisi\u00e7\u00e3o de combust\u00edvel para todos setores da Prefeitura \u2013 Fundamento: Inexigibilidade \u00a0n\u00ba 005\/2022\u00a0 &#8211;\u00a0 Valor Global: R$ 719.744,00- Vig\u00eancia: 04 meses &#8211;\u00a0 Dot or\u00e7: 02.02006.15.122.0002.201-339030\/100- 02.2001.04.122.002.202-339030\/100- 02.02002.04.181.0002.222-33903\/100- 02.02007.08.243.0002.224-339030\/129- 02.02008.08.244.0011.231-339030\/100- 02.02004.12.361.0003.255-339030\/101- Ass: 22\/06\/2022 &#8211; Foro: S\u00e3o Jo\u00e3o Nepomuceno\/MG. Marcos de Ara\u00fajo Lima Prefeito Municipal<\/p>\n","protected":false},"author":96,"featured_media":0,"comment_status":"closed","ping_status":"closed","sticky":false,"template":"","format":"standard","meta":{"footnotes":""},"categories":[307],"tags":[],"class_list":["post-200707","post","type-post","status-publish","format-standard","hentry","category-editais"],"_links":{"self":[{"href":"https:\/\/diarioregionaldigital.com.br\/index.php?rest_route=\/wp\/v2\/posts\/200707","targetHints":{"allow":["GET"]}}],"collection":[{"href":"https:\/\/diarioregionaldigital.com.br\/index.php?rest_route=\/wp\/v2\/posts"}],"about":[{"href":"https:\/\/diarioregionaldigital.com.br\/index.php?rest_route=\/wp\/v2\/types\/post"}],"author":[{"embeddable":true,"href":"https:\/\/diarioregionaldigital.com.br\/index.php?rest_route=\/wp\/v2\/users\/96"}],"replies":[{"embeddable":true,"href":"https:\/\/diarioregionaldigital.com.br\/index.php?rest_route=%2Fwp%2Fv2%2Fcomments&post=200707"}],"version-history":[{"count":1,"href":"https:\/\/diarioregionaldigital.com.br\/index.php?rest_route=\/wp\/v2\/posts\/200707\/revisions"}],"predecessor-version":[{"id":200708,"href":"https:\/\/diarioregionaldigital.com.br\/index.php?rest_route=\/wp\/v2\/posts\/200707\/revisions\/200708"}],"wp:attachment":[{"href":"https:\/\/diarioregionaldigital.com.br\/index.php?rest_route=%2Fwp%2Fv2%2Fmedia&parent=200707"}],"wp:term":[{"taxonomy":"category","embeddable":true,"href":"https:\/\/diarioregionaldigital.com.br\/index.php?rest_route=%2Fwp%2Fv2%2Fcategories&post=200707"},{"taxonomy":"post_tag","embeddable":true,"href":"https:\/\/diarioregionaldigital.com.br\/index.php?rest_route=%2Fwp%2Fv2%2Ftags&post=200707"}],"curies":[{"name":"wp","href":"https:\/\/api.w.org\/{rel}","templated":true}]}}