{"id":200705,"date":"2022-06-24T02:24:14","date_gmt":"2022-06-24T05:24:14","guid":{"rendered":"https:\/\/diarioregionaldigital.com.br\/?p=200705"},"modified":"2022-06-24T02:24:14","modified_gmt":"2022-06-24T05:24:14","slug":"prefeitura-municipal-de-descoberto-extrato-de-contrato-24-06-2022-2","status":"publish","type":"post","link":"https:\/\/diarioregionaldigital.com.br\/?p=200705","title":{"rendered":"Prefeitura Municipal de Descoberto &#8211; Extrato de Contrato &#8211; 24\/06\/2022"},"content":{"rendered":"<p style=\"text-align: center;\"><strong>EXTRATO DE CONTRATO<\/strong><\/p>\n<p style=\"text-align: center;\">Pref. Municipal de Descoberto x ABCJ Eventos e Loca\u00e7\u00f5es Ltda \u2013 Contrata\u00e7\u00e3o de empresa para fornecimento e instala\u00e7\u00e3o de estrutura para o evento \u201cViva S\u00e3o Jo\u00e3o\u201d nos dia 24 e 25\/06\/2022 \u2013 Fundamento: Dispensa n\u00ba 007\/2022 &#8211;\u00a0 Valor Global: 15.000,00 &#8211; \u00a0Vig\u00eancia: 1 m\u00eas &#8211;\u00a0 Dot or\u00e7: 02.02004.13.392.0015.278-339039\/100- \u00a0Ass: 23\/06\/2022 &#8211; Foro: S\u00e3o Jo\u00e3o Nepomuceno\/MG.<\/p>\n<p style=\"text-align: center;\"><strong>Marcos de Ara\u00fajo Lima<\/strong><\/p>\n<p style=\"text-align: center;\"><strong>Prefeito Municipal<\/strong><\/p>\n","protected":false},"excerpt":{"rendered":"<p>EXTRATO DE CONTRATO Pref. Municipal de Descoberto x ABCJ Eventos e Loca\u00e7\u00f5es Ltda \u2013 Contrata\u00e7\u00e3o de empresa para fornecimento e instala\u00e7\u00e3o de estrutura para o evento \u201cViva S\u00e3o Jo\u00e3o\u201d nos dia 24 e 25\/06\/2022 \u2013 Fundamento: Dispensa n\u00ba 007\/2022 &#8211;\u00a0 Valor Global: 15.000,00 &#8211; \u00a0Vig\u00eancia: 1 m\u00eas &#8211;\u00a0 Dot or\u00e7: 02.02004.13.392.0015.278-339039\/100- \u00a0Ass: 23\/06\/2022 &#8211; Foro: [&hellip;]<\/p>\n","protected":false},"author":96,"featured_media":0,"comment_status":"closed","ping_status":"closed","sticky":false,"template":"","format":"standard","meta":{"footnotes":""},"categories":[307],"tags":[],"class_list":["post-200705","post","type-post","status-publish","format-standard","hentry","category-editais"],"_links":{"self":[{"href":"https:\/\/diarioregionaldigital.com.br\/index.php?rest_route=\/wp\/v2\/posts\/200705","targetHints":{"allow":["GET"]}}],"collection":[{"href":"https:\/\/diarioregionaldigital.com.br\/index.php?rest_route=\/wp\/v2\/posts"}],"about":[{"href":"https:\/\/diarioregionaldigital.com.br\/index.php?rest_route=\/wp\/v2\/types\/post"}],"author":[{"embeddable":true,"href":"https:\/\/diarioregionaldigital.com.br\/index.php?rest_route=\/wp\/v2\/users\/96"}],"replies":[{"embeddable":true,"href":"https:\/\/diarioregionaldigital.com.br\/index.php?rest_route=%2Fwp%2Fv2%2Fcomments&post=200705"}],"version-history":[{"count":1,"href":"https:\/\/diarioregionaldigital.com.br\/index.php?rest_route=\/wp\/v2\/posts\/200705\/revisions"}],"predecessor-version":[{"id":200706,"href":"https:\/\/diarioregionaldigital.com.br\/index.php?rest_route=\/wp\/v2\/posts\/200705\/revisions\/200706"}],"wp:attachment":[{"href":"https:\/\/diarioregionaldigital.com.br\/index.php?rest_route=%2Fwp%2Fv2%2Fmedia&parent=200705"}],"wp:term":[{"taxonomy":"category","embeddable":true,"href":"https:\/\/diarioregionaldigital.com.br\/index.php?rest_route=%2Fwp%2Fv2%2Fcategories&post=200705"},{"taxonomy":"post_tag","embeddable":true,"href":"https:\/\/diarioregionaldigital.com.br\/index.php?rest_route=%2Fwp%2Fv2%2Ftags&post=200705"}],"curies":[{"name":"wp","href":"https:\/\/api.w.org\/{rel}","templated":true}]}}