{"id":200703,"date":"2022-06-24T02:22:46","date_gmt":"2022-06-24T05:22:46","guid":{"rendered":"https:\/\/diarioregionaldigital.com.br\/?p=200703"},"modified":"2022-06-24T02:22:46","modified_gmt":"2022-06-24T05:22:46","slug":"prefeitura-municipal-de-descoberto-extrato-de-contrato-24-06-2022","status":"publish","type":"post","link":"https:\/\/diarioregionaldigital.com.br\/?p=200703","title":{"rendered":"Prefeitura Municipal de Descoberto &#8211; Extrato de Contrato &#8211; 24\/06\/2022"},"content":{"rendered":"<p style=\"text-align: center;\"><strong>EXTRATO DE CONTRATO<\/strong><\/p>\n<p>Pref. Municipal de Descoberto x Audatex Brasil Servi\u00e7os Ltda \u2013 Contrata\u00e7\u00e3o de empresa especializada para fornecimento de software para calcular estimativa de custos de repara\u00e7\u00e3o de autom\u00f3veis, caminh\u00f5es e motos \u2013 Fundamento: Preg\u00e3o n\u00ba 015\/2022 &#8211; Valor Global: 5.750,00 &#8211; \u00a0Vig\u00eancia: 12 meses &#8211;\u00a0 Dot or\u00e7: 02.02006.26.782.0009.223-339039\/100- \u00a0Ass: 20\/06\/2022 &#8211; Foro: S\u00e3o Jo\u00e3o Nepomuceno\/MG.<\/p>\n<p style=\"text-align: center;\"><strong>Marcos de Ara\u00fajo Lima<\/strong><\/p>\n<p style=\"text-align: center;\"><strong>Prefeito Municipal<\/strong><\/p>\n","protected":false},"excerpt":{"rendered":"<p>EXTRATO DE CONTRATO Pref. Municipal de Descoberto x Audatex Brasil Servi\u00e7os Ltda \u2013 Contrata\u00e7\u00e3o de empresa especializada para fornecimento de software para calcular estimativa de custos de repara\u00e7\u00e3o de autom\u00f3veis, caminh\u00f5es e motos \u2013 Fundamento: Preg\u00e3o n\u00ba 015\/2022 &#8211; Valor Global: 5.750,00 &#8211; \u00a0Vig\u00eancia: 12 meses &#8211;\u00a0 Dot or\u00e7: 02.02006.26.782.0009.223-339039\/100- \u00a0Ass: 20\/06\/2022 &#8211; Foro: S\u00e3o [&hellip;]<\/p>\n","protected":false},"author":96,"featured_media":0,"comment_status":"closed","ping_status":"closed","sticky":false,"template":"","format":"standard","meta":{"footnotes":""},"categories":[307],"tags":[],"class_list":["post-200703","post","type-post","status-publish","format-standard","hentry","category-editais"],"_links":{"self":[{"href":"https:\/\/diarioregionaldigital.com.br\/index.php?rest_route=\/wp\/v2\/posts\/200703","targetHints":{"allow":["GET"]}}],"collection":[{"href":"https:\/\/diarioregionaldigital.com.br\/index.php?rest_route=\/wp\/v2\/posts"}],"about":[{"href":"https:\/\/diarioregionaldigital.com.br\/index.php?rest_route=\/wp\/v2\/types\/post"}],"author":[{"embeddable":true,"href":"https:\/\/diarioregionaldigital.com.br\/index.php?rest_route=\/wp\/v2\/users\/96"}],"replies":[{"embeddable":true,"href":"https:\/\/diarioregionaldigital.com.br\/index.php?rest_route=%2Fwp%2Fv2%2Fcomments&post=200703"}],"version-history":[{"count":1,"href":"https:\/\/diarioregionaldigital.com.br\/index.php?rest_route=\/wp\/v2\/posts\/200703\/revisions"}],"predecessor-version":[{"id":200704,"href":"https:\/\/diarioregionaldigital.com.br\/index.php?rest_route=\/wp\/v2\/posts\/200703\/revisions\/200704"}],"wp:attachment":[{"href":"https:\/\/diarioregionaldigital.com.br\/index.php?rest_route=%2Fwp%2Fv2%2Fmedia&parent=200703"}],"wp:term":[{"taxonomy":"category","embeddable":true,"href":"https:\/\/diarioregionaldigital.com.br\/index.php?rest_route=%2Fwp%2Fv2%2Fcategories&post=200703"},{"taxonomy":"post_tag","embeddable":true,"href":"https:\/\/diarioregionaldigital.com.br\/index.php?rest_route=%2Fwp%2Fv2%2Ftags&post=200703"}],"curies":[{"name":"wp","href":"https:\/\/api.w.org\/{rel}","templated":true}]}}