{"id":200695,"date":"2022-06-23T20:41:30","date_gmt":"2022-06-23T23:41:30","guid":{"rendered":"https:\/\/diarioregionaldigital.com.br\/?p=200695"},"modified":"2022-06-23T20:41:30","modified_gmt":"2022-06-23T23:41:30","slug":"granjas-betania-e-vivendas-da-serra-recebem-acoes-de-combate-a-dengue-e-outras-doencas","status":"publish","type":"post","link":"https:\/\/diarioregionaldigital.com.br\/?p=200695","title":{"rendered":"Granjas Bet\u00e2nia e Vivendas da Serra recebem a\u00e7\u00f5es de combate \u00e0 Dengue e outras doen\u00e7as"},"content":{"rendered":"<p>Segundo informa\u00e7\u00f5es do site da Prefeitura de Juiz de Fora (PJF), a Prefeitura de Juiz de Fora (PJF) realiza nesta sexta-feira, 24, e s\u00e1bado, 25, a\u00e7\u00f5es de combate \u00e0s arboviroses no bairro Granjas Bet\u00e2nia. Ser\u00e3o promovidas visitas domiciliares, a\u00e7\u00f5es de mobiliza\u00e7\u00e3o nas salas de espera nas Unidades B\u00e1sicas de Sa\u00fade (UBS), pra\u00e7as e feiras dos bairros, al\u00e9m do mutir\u00e3o de recolhimento de entulhos. Tamb\u00e9m ser\u00e3o realizadas a\u00e7\u00f5es mobiliza\u00e7\u00e3o na feira do bairro Vivendas da Serra, no s\u00e1bado, 25. Durante a semana, a for\u00e7a tarefa atuou nos bairros Bandeirantes e Parque Guarani.<\/p>\n<p>&nbsp;<\/p>\n<p>Durante os dias de a\u00e7\u00e3o, os moradores dos bairros recebem orienta\u00e7\u00f5es sobre preven\u00e7\u00e3o e combate \u00e0 dengue, informa\u00e7\u00f5es sobre os principais sintomas e sobre como proceder em caso de doen\u00e7a. O objetivo, segundo a supervisora do Programa Municipal de Combate \u00e0 Dengue, Juliana Marinho, \u201c\u00e9 espalhar conhecimento para a popula\u00e7\u00e3o, promovendo sa\u00fade e bem estar, mostrando que os fatores de risco continuam a existir e quais as medidas devem ser tomadas para evitar surtos e epidemia\u201d.<\/p>\n<p>&nbsp;<\/p>\n<p>A iniciativa faz parte de uma a\u00e7\u00e3o conjunta da PJF, por meio do Programa Boniteza, coordenado pela Secretaria de Governo (SG). Al\u00e9m da SG, a a\u00e7\u00e3o envolve a Secretaria de Sa\u00fade (SS), a Secretaria de Obras (SO), a Secretaria de Comunica\u00e7\u00e3o (Secom), a Secretaria de Sustentabilidade em Meio Ambiente e Atividades Urbanas (Sesmaur), a Secretaria de Assist\u00eancia Social (SAS), o Departamento Municipal de Limpeza Urbana (Demlurb) e a Empresa Municipal de Pavimenta\u00e7\u00e3o e Urbaniza\u00e7\u00e3o (Empav). A a\u00e7\u00e3o \u00e9 cont\u00ednua e se estende para outras regi\u00f5es da cidade este m\u00eas.<\/p>\n<p>&nbsp;<\/p>\n<p><strong>Ferramenta de den\u00fancias<\/strong><\/p>\n<p>&nbsp;<\/p>\n<p>Al\u00e9m de participar ativamente na preven\u00e7\u00e3o contra as arboviroses, a popula\u00e7\u00e3o pode ajudar com den\u00fancias an\u00f4nimas sobre focos do Aedes Aegypti em Juiz de Fora e regi\u00e3o. O sistema tem como finalidade mapear as informa\u00e7\u00f5es das doen\u00e7as causadas pelo mosquito: dengue, zika, febre amarela e chikungunya.<\/p>\n<p>&nbsp;<\/p>\n<p>O\u00a0<a href=\"http:\/\/arbocontrolsis.tecnologia.ws\/denunciafocomosquito\/\"><strong>MonitorAr<\/strong><\/a>\u00a0pode ser acessado em qualquer navegador atrav\u00e9s de smartphones, tablets, notebooks e computadores. O sistema permite que as pessoas possam realizar den\u00fancias de locais de criadouros do mosquito.<\/p>\n<p>&nbsp;<\/p>\n<p><strong>Confira o cronograma de a\u00e7\u00f5es de mobiliza\u00e7\u00e3o em Juiz de Fora contra as arboviroses:<\/strong><\/p>\n<p>&nbsp;<\/p>\n<p>20\/06 a 25\/06 \u2013 Regi\u00e3o Nordeste<\/p>\n<p>&nbsp;<\/p>\n<p>27\/06 a 02\/07 \u2013 Regi\u00e3o Leste<\/p>\n","protected":false},"excerpt":{"rendered":"<p>Segundo informa\u00e7\u00f5es do site da Prefeitura de Juiz de Fora (PJF), a Prefeitura de Juiz de Fora (PJF) realiza nesta sexta-feira, 24, e s\u00e1bado, 25, a\u00e7\u00f5es de combate \u00e0s arboviroses no bairro Granjas Bet\u00e2nia. Ser\u00e3o promovidas visitas domiciliares, a\u00e7\u00f5es de mobiliza\u00e7\u00e3o nas salas de espera nas Unidades B\u00e1sicas de Sa\u00fade (UBS), pra\u00e7as e feiras dos [&hellip;]<\/p>\n","protected":false},"author":246,"featured_media":200696,"comment_status":"closed","ping_status":"closed","sticky":false,"template":"","format":"standard","meta":{"footnotes":""},"categories":[253,436,439],"tags":[],"class_list":["post-200695","post","type-post","status-publish","format-standard","has-post-thumbnail","hentry","category-cidade","category-destaque-da-semana","category-ultima-hora"],"_links":{"self":[{"href":"https:\/\/diarioregionaldigital.com.br\/index.php?rest_route=\/wp\/v2\/posts\/200695","targetHints":{"allow":["GET"]}}],"collection":[{"href":"https:\/\/diarioregionaldigital.com.br\/index.php?rest_route=\/wp\/v2\/posts"}],"about":[{"href":"https:\/\/diarioregionaldigital.com.br\/index.php?rest_route=\/wp\/v2\/types\/post"}],"author":[{"embeddable":true,"href":"https:\/\/diarioregionaldigital.com.br\/index.php?rest_route=\/wp\/v2\/users\/246"}],"replies":[{"embeddable":true,"href":"https:\/\/diarioregionaldigital.com.br\/index.php?rest_route=%2Fwp%2Fv2%2Fcomments&post=200695"}],"version-history":[{"count":1,"href":"https:\/\/diarioregionaldigital.com.br\/index.php?rest_route=\/wp\/v2\/posts\/200695\/revisions"}],"predecessor-version":[{"id":200697,"href":"https:\/\/diarioregionaldigital.com.br\/index.php?rest_route=\/wp\/v2\/posts\/200695\/revisions\/200697"}],"wp:featuredmedia":[{"embeddable":true,"href":"https:\/\/diarioregionaldigital.com.br\/index.php?rest_route=\/wp\/v2\/media\/200696"}],"wp:attachment":[{"href":"https:\/\/diarioregionaldigital.com.br\/index.php?rest_route=%2Fwp%2Fv2%2Fmedia&parent=200695"}],"wp:term":[{"taxonomy":"category","embeddable":true,"href":"https:\/\/diarioregionaldigital.com.br\/index.php?rest_route=%2Fwp%2Fv2%2Fcategories&post=200695"},{"taxonomy":"post_tag","embeddable":true,"href":"https:\/\/diarioregionaldigital.com.br\/index.php?rest_route=%2Fwp%2Fv2%2Ftags&post=200695"}],"curies":[{"name":"wp","href":"https:\/\/api.w.org\/{rel}","templated":true}]}}