{"id":200692,"date":"2022-06-23T20:38:53","date_gmt":"2022-06-23T23:38:53","guid":{"rendered":"https:\/\/diarioregionaldigital.com.br\/?p=200692"},"modified":"2022-06-23T20:38:53","modified_gmt":"2022-06-23T23:38:53","slug":"rua-monte-libano-sera-interditada-a-partir-desta-sexta-feira-24","status":"publish","type":"post","link":"https:\/\/diarioregionaldigital.com.br\/?p=200692","title":{"rendered":"Rua Monte L\u00edbano ser\u00e1 interditada a partir desta sexta-feira, 24"},"content":{"rendered":"<p>Segundo informa\u00e7\u00f5es do site da Prefeitura de Juiz de Fora (PJF), a prefeitura de Juiz de Fora (PJF) informa que nesta sexta-feira, 24, a Secretaria de Obras (SO) dar\u00e1 inicio, \u00e0s 8h, \u00e0 realiza\u00e7\u00e3o de obras de drenagem emergencial na Rua Monte L\u00edbano, localizada no bairro Bandeirantes. Devido ao uso de m\u00e1quinas e homens trabalhando no local, ser\u00e1 preciso fechar o tr\u00e1fego de ve\u00edculos na via, que d\u00e1 acesso \u00e0 parte alta do Bandeirantes, at\u00e9 o t\u00e9rmino das a\u00e7\u00f5es.<br \/>\nAs obras podem se estender at\u00e9 segunda-feira, 27. As linhas de \u00f4nibus que circulam na rua, 141 e 142, ter\u00e3o o itiner\u00e1rio desviado para a\u00a0 Rua Aurora Trist\u00e3o. A Secretaria de Mobilidade Urbana (SMU) dar\u00e1 o suporte necess\u00e1rio\u00a0 nos locais de desvio.<\/p>\n","protected":false},"excerpt":{"rendered":"<p>Segundo informa\u00e7\u00f5es do site da Prefeitura de Juiz de Fora (PJF), a prefeitura de Juiz de Fora (PJF) informa que nesta sexta-feira, 24, a Secretaria de Obras (SO) dar\u00e1 inicio, \u00e0s 8h, \u00e0 realiza\u00e7\u00e3o de obras de drenagem emergencial na Rua Monte L\u00edbano, localizada no bairro Bandeirantes. Devido ao uso de m\u00e1quinas e homens trabalhando [&hellip;]<\/p>\n","protected":false},"author":246,"featured_media":200693,"comment_status":"closed","ping_status":"closed","sticky":false,"template":"","format":"standard","meta":{"footnotes":""},"categories":[253,436,439],"tags":[],"class_list":["post-200692","post","type-post","status-publish","format-standard","has-post-thumbnail","hentry","category-cidade","category-destaque-da-semana","category-ultima-hora"],"_links":{"self":[{"href":"https:\/\/diarioregionaldigital.com.br\/index.php?rest_route=\/wp\/v2\/posts\/200692","targetHints":{"allow":["GET"]}}],"collection":[{"href":"https:\/\/diarioregionaldigital.com.br\/index.php?rest_route=\/wp\/v2\/posts"}],"about":[{"href":"https:\/\/diarioregionaldigital.com.br\/index.php?rest_route=\/wp\/v2\/types\/post"}],"author":[{"embeddable":true,"href":"https:\/\/diarioregionaldigital.com.br\/index.php?rest_route=\/wp\/v2\/users\/246"}],"replies":[{"embeddable":true,"href":"https:\/\/diarioregionaldigital.com.br\/index.php?rest_route=%2Fwp%2Fv2%2Fcomments&post=200692"}],"version-history":[{"count":1,"href":"https:\/\/diarioregionaldigital.com.br\/index.php?rest_route=\/wp\/v2\/posts\/200692\/revisions"}],"predecessor-version":[{"id":200694,"href":"https:\/\/diarioregionaldigital.com.br\/index.php?rest_route=\/wp\/v2\/posts\/200692\/revisions\/200694"}],"wp:featuredmedia":[{"embeddable":true,"href":"https:\/\/diarioregionaldigital.com.br\/index.php?rest_route=\/wp\/v2\/media\/200693"}],"wp:attachment":[{"href":"https:\/\/diarioregionaldigital.com.br\/index.php?rest_route=%2Fwp%2Fv2%2Fmedia&parent=200692"}],"wp:term":[{"taxonomy":"category","embeddable":true,"href":"https:\/\/diarioregionaldigital.com.br\/index.php?rest_route=%2Fwp%2Fv2%2Fcategories&post=200692"},{"taxonomy":"post_tag","embeddable":true,"href":"https:\/\/diarioregionaldigital.com.br\/index.php?rest_route=%2Fwp%2Fv2%2Ftags&post=200692"}],"curies":[{"name":"wp","href":"https:\/\/api.w.org\/{rel}","templated":true}]}}