{"id":200689,"date":"2022-06-23T20:36:33","date_gmt":"2022-06-23T23:36:33","guid":{"rendered":"https:\/\/diarioregionaldigital.com.br\/?p=200689"},"modified":"2022-06-23T20:36:33","modified_gmt":"2022-06-23T23:36:33","slug":"museu-mariano-procopio-lanca-licitacao-para-pedalinhos-no-parque","status":"publish","type":"post","link":"https:\/\/diarioregionaldigital.com.br\/?p=200689","title":{"rendered":"Museu Mariano Proc\u00f3pio lan\u00e7a licita\u00e7\u00e3o para pedalinhos no parque"},"content":{"rendered":"<p>Segundo informa\u00e7\u00f5es do site da Prefeitura de Juiz de Fora (PJF), a\u00a0Subsecretaria de Licita\u00e7\u00f5es e Compras lan\u00e7ou nesta quinta-feira, 23, a licita\u00e7\u00e3o para a opera\u00e7\u00e3o de pedalinhos no lago do parque do museu. Os interessados podem acessar o edital dispon\u00edvel no <a href=\"https:\/\/www.pjf.mg.gov.br\/secretarias\/cpl\/editais\/pregao_eletronico\/2022\/index.php\"><strong>site da Prefeitura<\/strong><\/a>\u00a0e dever\u00e3o enviar suas propostas at\u00e9 o dia 5 de julho de 2022.<br \/>\nA implementa\u00e7\u00e3o do pedalinho no espa\u00e7o \u00e9 um resgate \u00e0s mem\u00f3rias de todos aqueles que puderam apreciar a atra\u00e7\u00e3o nos anos anteriores, al\u00e9m de trazer mais uma op\u00e7\u00e3o de lazer para os visitantes de todas as idades, que poder\u00e3o desfrutar das belas paisagens presentes no parque.<\/p>\n","protected":false},"excerpt":{"rendered":"<p>Segundo informa\u00e7\u00f5es do site da Prefeitura de Juiz de Fora (PJF), a\u00a0Subsecretaria de Licita\u00e7\u00f5es e Compras lan\u00e7ou nesta quinta-feira, 23, a licita\u00e7\u00e3o para a opera\u00e7\u00e3o de pedalinhos no lago do parque do museu. Os interessados podem acessar o edital dispon\u00edvel no site da Prefeitura\u00a0e dever\u00e3o enviar suas propostas at\u00e9 o dia 5 de julho de [&hellip;]<\/p>\n","protected":false},"author":246,"featured_media":200690,"comment_status":"closed","ping_status":"closed","sticky":false,"template":"","format":"standard","meta":{"footnotes":""},"categories":[253,436,439],"tags":[],"class_list":["post-200689","post","type-post","status-publish","format-standard","has-post-thumbnail","hentry","category-cidade","category-destaque-da-semana","category-ultima-hora"],"_links":{"self":[{"href":"https:\/\/diarioregionaldigital.com.br\/index.php?rest_route=\/wp\/v2\/posts\/200689","targetHints":{"allow":["GET"]}}],"collection":[{"href":"https:\/\/diarioregionaldigital.com.br\/index.php?rest_route=\/wp\/v2\/posts"}],"about":[{"href":"https:\/\/diarioregionaldigital.com.br\/index.php?rest_route=\/wp\/v2\/types\/post"}],"author":[{"embeddable":true,"href":"https:\/\/diarioregionaldigital.com.br\/index.php?rest_route=\/wp\/v2\/users\/246"}],"replies":[{"embeddable":true,"href":"https:\/\/diarioregionaldigital.com.br\/index.php?rest_route=%2Fwp%2Fv2%2Fcomments&post=200689"}],"version-history":[{"count":1,"href":"https:\/\/diarioregionaldigital.com.br\/index.php?rest_route=\/wp\/v2\/posts\/200689\/revisions"}],"predecessor-version":[{"id":200691,"href":"https:\/\/diarioregionaldigital.com.br\/index.php?rest_route=\/wp\/v2\/posts\/200689\/revisions\/200691"}],"wp:featuredmedia":[{"embeddable":true,"href":"https:\/\/diarioregionaldigital.com.br\/index.php?rest_route=\/wp\/v2\/media\/200690"}],"wp:attachment":[{"href":"https:\/\/diarioregionaldigital.com.br\/index.php?rest_route=%2Fwp%2Fv2%2Fmedia&parent=200689"}],"wp:term":[{"taxonomy":"category","embeddable":true,"href":"https:\/\/diarioregionaldigital.com.br\/index.php?rest_route=%2Fwp%2Fv2%2Fcategories&post=200689"},{"taxonomy":"post_tag","embeddable":true,"href":"https:\/\/diarioregionaldigital.com.br\/index.php?rest_route=%2Fwp%2Fv2%2Ftags&post=200689"}],"curies":[{"name":"wp","href":"https:\/\/api.w.org\/{rel}","templated":true}]}}