{"id":200683,"date":"2022-06-23T20:29:46","date_gmt":"2022-06-23T23:29:46","guid":{"rendered":"https:\/\/diarioregionaldigital.com.br\/?p=200683"},"modified":"2022-06-23T20:29:46","modified_gmt":"2022-06-23T23:29:46","slug":"brasil-quebra-jejum-na-liga-das-nacoes-com-vitoria-sobre-a-servia","status":"publish","type":"post","link":"https:\/\/diarioregionaldigital.com.br\/?p=200683","title":{"rendered":"Brasil quebra jejum na Liga das Na\u00e7\u00f5es com vit\u00f3ria sobre a S\u00e9rvia"},"content":{"rendered":"<p>Ap\u00f3s tr\u00eas derrotas seguidas, a sele\u00e7\u00e3o brasileira masculina de v\u00f4lei venceu a S\u00e9rvia nesta quinta-feira (23) e segue firme em busca da classifica\u00e7\u00e3o na Liga das Na\u00e7\u00f5es. Os brasileiros ganharam dos s\u00e9rvios por 3 sets a 0 (parciais de 25\/18, 26\/24 e 25\/17) na segunda etapa da competi\u00e7\u00e3o em S\u00f3fia (Bulg\u00e1ria).\u00a0A equipe comandada pelo t\u00e9cnico Renan Dal Zotto defende o t\u00edtulo, conquistado pela primeira vez na hist\u00f3ria no\u00a0ano passado.<img decoding=\"async\" src=\"https:\/\/agenciabrasil.ebc.com.br\/ebc.png?id=1467301&amp;o=node\" \/><img decoding=\"async\" src=\"https:\/\/agenciabrasil.ebc.com.br\/ebc.gif?id=1467301&amp;o=node\" \/><\/p>\n<p>Com o triunfo nesta quinta (24), o Brasil ocupa agora o s\u00e9timo lugar, com nove pontos (tr\u00eas vit\u00f3rias e tr\u00eas derrotas).\u00a0O time nacional perdeu os tr\u00eas \u00faltimos jogos para Estados Unidos, China e Pol\u00f4nia. Na estreia da primeira rodada, em Bras\u00edlia), a equipe superou a Autr\u00e1lia, e no jogo seguinte venceu a Eslov\u00eania. Apenas os oito primeiros colocados na primeira fase (tr\u00eas rodadas)v\u00e3o brigar pelo t\u00edtulo da Liga das Na\u00e7\u00f5es. A terceira e \u00faltima rodada ser\u00e1 em Osaka (Jap\u00e3o) a partir de julho.<\/p>\n<p>O ponteiro Lucarelli sobrou em quadra no embate desta manh\u00e3 ao anotar 14 pontos, assim como o oposto Alan (13) e o ponteiro Leal (11). O time contou ainda com Bruninho, Luc\u00e3o, Fl\u00e1vio, Lucarelli e Thalles.<\/p>\n<p>O pr\u00f3ximo duelo ser\u00e1 contra o Ir\u00e3 \u00e0s 10h30 (Hor\u00e1rio de Bras\u00edlia) desta sexta-feira (25). A \u00faltima partida da segunda etapa ser\u00e1 contra a anfitri\u00e3 Bulg\u00e1ria, \u00e0s 14h de domingo (26).<\/p>\n<p><span style=\"font-weight: 400;\">Fonte: Ag\u00eancia Brasil <\/span><\/p>\n","protected":false},"excerpt":{"rendered":"<p>Ap\u00f3s tr\u00eas derrotas seguidas, a sele\u00e7\u00e3o brasileira masculina de v\u00f4lei venceu a S\u00e9rvia nesta quinta-feira (23) e segue firme em busca da classifica\u00e7\u00e3o na Liga das Na\u00e7\u00f5es. Os brasileiros ganharam dos s\u00e9rvios por 3 sets a 0 (parciais de 25\/18, 26\/24 e 25\/17) na segunda etapa da competi\u00e7\u00e3o em S\u00f3fia (Bulg\u00e1ria).\u00a0A equipe comandada pelo t\u00e9cnico [&hellip;]<\/p>\n","protected":false},"author":246,"featured_media":200684,"comment_status":"closed","ping_status":"closed","sticky":false,"template":"","format":"standard","meta":{"footnotes":""},"categories":[436,257,439],"tags":[],"class_list":["post-200683","post","type-post","status-publish","format-standard","has-post-thumbnail","hentry","category-destaque-da-semana","category-esporte","category-ultima-hora"],"_links":{"self":[{"href":"https:\/\/diarioregionaldigital.com.br\/index.php?rest_route=\/wp\/v2\/posts\/200683","targetHints":{"allow":["GET"]}}],"collection":[{"href":"https:\/\/diarioregionaldigital.com.br\/index.php?rest_route=\/wp\/v2\/posts"}],"about":[{"href":"https:\/\/diarioregionaldigital.com.br\/index.php?rest_route=\/wp\/v2\/types\/post"}],"author":[{"embeddable":true,"href":"https:\/\/diarioregionaldigital.com.br\/index.php?rest_route=\/wp\/v2\/users\/246"}],"replies":[{"embeddable":true,"href":"https:\/\/diarioregionaldigital.com.br\/index.php?rest_route=%2Fwp%2Fv2%2Fcomments&post=200683"}],"version-history":[{"count":1,"href":"https:\/\/diarioregionaldigital.com.br\/index.php?rest_route=\/wp\/v2\/posts\/200683\/revisions"}],"predecessor-version":[{"id":200685,"href":"https:\/\/diarioregionaldigital.com.br\/index.php?rest_route=\/wp\/v2\/posts\/200683\/revisions\/200685"}],"wp:featuredmedia":[{"embeddable":true,"href":"https:\/\/diarioregionaldigital.com.br\/index.php?rest_route=\/wp\/v2\/media\/200684"}],"wp:attachment":[{"href":"https:\/\/diarioregionaldigital.com.br\/index.php?rest_route=%2Fwp%2Fv2%2Fmedia&parent=200683"}],"wp:term":[{"taxonomy":"category","embeddable":true,"href":"https:\/\/diarioregionaldigital.com.br\/index.php?rest_route=%2Fwp%2Fv2%2Fcategories&post=200683"},{"taxonomy":"post_tag","embeddable":true,"href":"https:\/\/diarioregionaldigital.com.br\/index.php?rest_route=%2Fwp%2Fv2%2Ftags&post=200683"}],"curies":[{"name":"wp","href":"https:\/\/api.w.org\/{rel}","templated":true}]}}