{"id":200674,"date":"2022-06-23T20:24:59","date_gmt":"2022-06-23T23:24:59","guid":{"rendered":"https:\/\/diarioregionaldigital.com.br\/?p=200674"},"modified":"2022-06-23T20:24:59","modified_gmt":"2022-06-23T23:24:59","slug":"surfe-weston-webb-vai-as-quartas-na-estreia-do-rio-pro-em-saquarema","status":"publish","type":"post","link":"https:\/\/diarioregionaldigital.com.br\/?p=200674","title":{"rendered":"Surfe: Weston-Webb vai \u00e0s quartas na estreia do Rio Pro, em Saquarema"},"content":{"rendered":"<p>Primeira brasileira a estrear no Rio Pro, etapa de Saquarema (RJ) do circuito mundial de surfe, Tatiana Weston-Webb venceu nesta quinta-feira (23)\u00a0e assegurou vaga nas quartas de final da competi\u00e7\u00e3o. A ga\u00facha cravou total de 10.77 pontos na segunda bateria do round feminino na Praia de Ita\u00fana, desbancando a peruana Sol Aguirre (9.90) e a havaiana Carissa Moore (1.80), que foram para a repescagem.<img decoding=\"async\" src=\"https:\/\/agenciabrasil.ebc.com.br\/ebc.png?id=1467260&amp;o=node\" \/><img decoding=\"async\" src=\"https:\/\/agenciabrasil.ebc.com.br\/ebc.gif?id=1467260&amp;o=node\" \/><\/p>\n<p>\u201cVi uma esquerda que estava meio perdida, e ningu\u00e9m estava vendo as esquerdas. Ent\u00e3o este foi meu plano e deu certo. Gra\u00e7as a Deus ele me deu essa onda no come\u00e7o e foi a melhor nota da bateria\u201d, comemorou Weston-Webb, em depoimento \u00e0 World Surf League (WSL), a Liga Mundial de Surfe.<\/p>\n<p>A ga\u00facha abriu a bateria com nota 6.67 e logo depois desceu outra onda somando mais 0.80. J\u00e1 as advers\u00e1rias ficaram bem atr\u00e1s: havaiana Moore anotou 1.50 e Sol Aguirre fez 0.20.<\/p>\n<p>Na sequ\u00eancia, aos 17 minutos de bateria, Weston-Webb variou e pegou uma direita que lhe valeu mais 4.10. A peruana Aguirre foi a que mais amea\u00e7ou a brasileira: na segunda onda cravou 4.40 e depois 5.50.<\/p>\n<p>A disputa masculina teve in\u00edcio ap\u00f3s o fim do round feminino e segue em andamento.<\/p>\n<h2>Confira os resultados<\/h2>\n<p>Bateria 1 &#8211; Brisa Hennessy (CRC) 5.74 x Lakey Peterson (EUA) 5.97 x\u00a0<strong>Gabriela Bryan (HAV) 11.07<\/strong><br \/>\nBateria 2 &#8211;\u00a0\u00a0Carissa Moore (HAV) 1.80 x\u00a0<strong>Tatiana Weston-Webb (BRA) 10.77\u00a0<\/strong>x Sol Aguirre (PER) 9.90<br \/>\nBateria 3 &#8211;\u00a0Johanne Defay (FRA) 7.77 x Courtney Colongue (EUA) 3.33 x\u00a0<strong>Caroline Marks (EUA) 10.67<\/strong><br \/>\nBateria 4 &#8211;\u00a0Stephanie Gilmore (AUS) 6.70 x Isabella Nichols (AUS) 7.67 x\u00a0<strong>Sally Fitzgibbons (AUS) 8.24<\/strong><\/p>\n<p><span style=\"font-weight: 400;\">Fonte: Ag\u00eancia Brasil <\/span><\/p>\n","protected":false},"excerpt":{"rendered":"<p>Primeira brasileira a estrear no Rio Pro, etapa de Saquarema (RJ) do circuito mundial de surfe, Tatiana Weston-Webb venceu nesta quinta-feira (23)\u00a0e assegurou vaga nas quartas de final da competi\u00e7\u00e3o. A ga\u00facha cravou total de 10.77 pontos na segunda bateria do round feminino na Praia de Ita\u00fana, desbancando a peruana Sol Aguirre (9.90) e a [&hellip;]<\/p>\n","protected":false},"author":246,"featured_media":200675,"comment_status":"closed","ping_status":"closed","sticky":false,"template":"","format":"standard","meta":{"footnotes":""},"categories":[436,257,439],"tags":[],"class_list":["post-200674","post","type-post","status-publish","format-standard","has-post-thumbnail","hentry","category-destaque-da-semana","category-esporte","category-ultima-hora"],"_links":{"self":[{"href":"https:\/\/diarioregionaldigital.com.br\/index.php?rest_route=\/wp\/v2\/posts\/200674","targetHints":{"allow":["GET"]}}],"collection":[{"href":"https:\/\/diarioregionaldigital.com.br\/index.php?rest_route=\/wp\/v2\/posts"}],"about":[{"href":"https:\/\/diarioregionaldigital.com.br\/index.php?rest_route=\/wp\/v2\/types\/post"}],"author":[{"embeddable":true,"href":"https:\/\/diarioregionaldigital.com.br\/index.php?rest_route=\/wp\/v2\/users\/246"}],"replies":[{"embeddable":true,"href":"https:\/\/diarioregionaldigital.com.br\/index.php?rest_route=%2Fwp%2Fv2%2Fcomments&post=200674"}],"version-history":[{"count":2,"href":"https:\/\/diarioregionaldigital.com.br\/index.php?rest_route=\/wp\/v2\/posts\/200674\/revisions"}],"predecessor-version":[{"id":200677,"href":"https:\/\/diarioregionaldigital.com.br\/index.php?rest_route=\/wp\/v2\/posts\/200674\/revisions\/200677"}],"wp:featuredmedia":[{"embeddable":true,"href":"https:\/\/diarioregionaldigital.com.br\/index.php?rest_route=\/wp\/v2\/media\/200675"}],"wp:attachment":[{"href":"https:\/\/diarioregionaldigital.com.br\/index.php?rest_route=%2Fwp%2Fv2%2Fmedia&parent=200674"}],"wp:term":[{"taxonomy":"category","embeddable":true,"href":"https:\/\/diarioregionaldigital.com.br\/index.php?rest_route=%2Fwp%2Fv2%2Fcategories&post=200674"},{"taxonomy":"post_tag","embeddable":true,"href":"https:\/\/diarioregionaldigital.com.br\/index.php?rest_route=%2Fwp%2Fv2%2Ftags&post=200674"}],"curies":[{"name":"wp","href":"https:\/\/api.w.org\/{rel}","templated":true}]}}