{"id":200670,"date":"2022-06-23T20:23:20","date_gmt":"2022-06-23T23:23:20","guid":{"rendered":"https:\/\/diarioregionaldigital.com.br\/?p=200670"},"modified":"2022-06-23T20:23:20","modified_gmt":"2022-06-23T23:23:20","slug":"copa-do-brasil-hulk-desequilibra-e-atletico-mg-derrota-flamengo","status":"publish","type":"post","link":"https:\/\/diarioregionaldigital.com.br\/?p=200670","title":{"rendered":"Copa do Brasil: Hulk desequilibra e Atl\u00e9tico-MG derrota Flamengo"},"content":{"rendered":"<p>O Atl\u00e9tico-MG saiu na frente do Flamengo na busca por uma vaga para as quartas de final da Copa do Brasil, ao derrotar o Flamengo por 2 a 1, na noite desta quarta-feira (22) no est\u00e1dio do Mineir\u00e3o, na partida de ida das oitavas de final. E o protagonista deste triunfo foi o atacante Hulk, que marcou um gol e fez a jogada do outro.<img decoding=\"async\" src=\"https:\/\/agenciabrasil.ebc.com.br\/ebc.png?id=1467189&amp;o=node\" \/><img decoding=\"async\" src=\"https:\/\/agenciabrasil.ebc.com.br\/ebc.gif?id=1467189&amp;o=node\" \/><\/p>\n<p>Por\u00e9m, a equipe classificada ser\u00e1 definida apenas no dia 13 de julho, quando as equipes voltam a se enfrentar no est\u00e1dio do Maracan\u00e3, a partir das 21h30 (hor\u00e1rio de Bras\u00edlia).<\/p>\n<p>Tr\u00eas dias ap\u00f3s o Galo derrotar o Rubro-Negro por 2 a 0 pela 13\u00aa rodada do Campeonato Brasileiro, as equipes voltaram a medir for\u00e7as, mas agora pela Copa do Brasil. A expectativa era enorme para ver como a equipe comandada pelo t\u00e9cnico Dorival J\u00fanior atuaria na partida decisiva.<\/p>\n<p>Talvez tentando controlar mais as a\u00e7\u00f5es do confronto, o treinador do Flamengo optou por povoar mais o meio de campo, colocando uma trinca de volantes (Willian Ar\u00e3o, Jo\u00e3o Gomes, Andreas Pereira), e adiantar o uruguaio Arrascaeta para jogar como uma esp\u00e9cie de segundo atacante, bem pr\u00f3ximo de Gabriel Barbosa.<\/p>\n<p>Mas a op\u00e7\u00e3o parece n\u00e3o ter dado certo diante de um Atl\u00e9tico-MG que foi perigoso desde o in\u00edcio, e que abriu o placar cedo gra\u00e7as ao brilho de seu principal jogador. Logo aos 6 minutos de bola rolando, Mariano faz lan\u00e7amento longo para Hulk, que, mesmo pressionado pelo zagueiro Rodrigo Caio e pelo goleiro Diego Alves, bateu de primeira, por cobertura, da entrada da \u00e1rea, para marcar um gol de grande n\u00edvel de dificuldade.<\/p>\n<p>E o camisa 7 do Galo voltou a dar prova da sua qualidade no segundo tempo, quando, aos 9 minutos, recebeu de Nacho ainda no meio campo, avan\u00e7ou em velocidade, se livrando de dois marcadores, e cruzou na medida para Ademir deixar o seu de cabe\u00e7a.<\/p>\n<p>Com a desvantagem no placar o Flamengo partiu para o ataque. E, de tanto tentar, conseguiu diminuir aos 34 minutos, quando Rodinei recebeu na ponta direita e cruzou para L\u00e1zaro, que escorou para superar o goleiro Everson.<\/p>\n<p>Agora as duas equipes voltam a se concentrar no Campeonato Brasileiro, no qual o Rubro-Negro recebe o Am\u00e9rica-MG no pr\u00f3ximo s\u00e1bado (25). No mesmo dia o Galo recebe o Fortaleza no Mineir\u00e3o.<\/p>\n<p><span style=\"font-weight: 400;\"><br \/>\n<\/span><span style=\"font-weight: 400;\">Fonte: Ag\u00eancia Brasil <\/span><\/p>\n","protected":false},"excerpt":{"rendered":"<p>O Atl\u00e9tico-MG saiu na frente do Flamengo na busca por uma vaga para as quartas de final da Copa do Brasil, ao derrotar o Flamengo por 2 a 1, na noite desta quarta-feira (22) no est\u00e1dio do Mineir\u00e3o, na partida de ida das oitavas de final. E o protagonista deste triunfo foi o atacante Hulk, [&hellip;]<\/p>\n","protected":false},"author":246,"featured_media":200671,"comment_status":"closed","ping_status":"closed","sticky":false,"template":"","format":"standard","meta":{"footnotes":""},"categories":[436,257,439],"tags":[],"class_list":["post-200670","post","type-post","status-publish","format-standard","has-post-thumbnail","hentry","category-destaque-da-semana","category-esporte","category-ultima-hora"],"_links":{"self":[{"href":"https:\/\/diarioregionaldigital.com.br\/index.php?rest_route=\/wp\/v2\/posts\/200670","targetHints":{"allow":["GET"]}}],"collection":[{"href":"https:\/\/diarioregionaldigital.com.br\/index.php?rest_route=\/wp\/v2\/posts"}],"about":[{"href":"https:\/\/diarioregionaldigital.com.br\/index.php?rest_route=\/wp\/v2\/types\/post"}],"author":[{"embeddable":true,"href":"https:\/\/diarioregionaldigital.com.br\/index.php?rest_route=\/wp\/v2\/users\/246"}],"replies":[{"embeddable":true,"href":"https:\/\/diarioregionaldigital.com.br\/index.php?rest_route=%2Fwp%2Fv2%2Fcomments&post=200670"}],"version-history":[{"count":2,"href":"https:\/\/diarioregionaldigital.com.br\/index.php?rest_route=\/wp\/v2\/posts\/200670\/revisions"}],"predecessor-version":[{"id":200673,"href":"https:\/\/diarioregionaldigital.com.br\/index.php?rest_route=\/wp\/v2\/posts\/200670\/revisions\/200673"}],"wp:featuredmedia":[{"embeddable":true,"href":"https:\/\/diarioregionaldigital.com.br\/index.php?rest_route=\/wp\/v2\/media\/200671"}],"wp:attachment":[{"href":"https:\/\/diarioregionaldigital.com.br\/index.php?rest_route=%2Fwp%2Fv2%2Fmedia&parent=200670"}],"wp:term":[{"taxonomy":"category","embeddable":true,"href":"https:\/\/diarioregionaldigital.com.br\/index.php?rest_route=%2Fwp%2Fv2%2Fcategories&post=200670"},{"taxonomy":"post_tag","embeddable":true,"href":"https:\/\/diarioregionaldigital.com.br\/index.php?rest_route=%2Fwp%2Fv2%2Ftags&post=200670"}],"curies":[{"name":"wp","href":"https:\/\/api.w.org\/{rel}","templated":true}]}}