{"id":200665,"date":"2022-06-23T20:17:16","date_gmt":"2022-06-23T23:17:16","guid":{"rendered":"https:\/\/diarioregionaldigital.com.br\/?p=200665"},"modified":"2022-06-23T20:18:47","modified_gmt":"2022-06-23T23:18:47","slug":"educacao-ambiental-mais-de-11-milhoes-de-pessoas-participaram-de-atividades-do-sisema-em-2021","status":"publish","type":"post","link":"https:\/\/diarioregionaldigital.com.br\/?p=200665","title":{"rendered":"Educa\u00e7\u00e3o ambiental: mais de 11 milh\u00f5es de pessoas participaram de atividades do Sisema em 2021"},"content":{"rendered":"<p>O n\u00famero de atividades de Educa\u00e7\u00e3o Ambiental (EA) em Minas Gerais deu um salto hist\u00f3rico em 2021. Foram feitas pelo Sistema Estadual de Meio Ambiente e Recursos H\u00eddricos (Sisema) 36.934 a\u00e7\u00f5es educativas, atingindo mais de 11 milh\u00f5es de pessoas no estado, um n\u00famero recorde na hist\u00f3ria da EA no Sisema. Os dados est\u00e3o no relat\u00f3rio anual de EA do Sisema, publicado nessa quarta-feira (22\/6).<\/p>\n<div class=\"clear \">\n<p>Entre as atividades em todo estado, est\u00e3o cursos, aulas, caminhadas e blitz ecol\u00f3gicas, campanhas, dias comemorativos, exposi\u00e7\u00f5es e mobiliza\u00e7\u00e3o popular, entre outros. Embora o ano de 2021 tamb\u00e9m tenha sido marcado pelas restri\u00e7\u00f5es da pandemia da covid-19, a busca pela tecnologia e o uso das plataformas digitais podem ter potencializado as a\u00e7\u00f5es ambientais educativas.<\/p>\n<p>Em compara\u00e7\u00e3o a 2020, por exemplo, houve um aumento de mais de 300% no n\u00famero de p\u00fablico envolvido nas atividades. O p\u00fablico alvo foi de 2,8 milh\u00f5es naquele ano e de 11.798.641 em 2021. \u201cNesse cap\u00edtulo da hist\u00f3ria, novas tend\u00eancias em educa\u00e7\u00e3o ambiental ganharam mais espa\u00e7o, como a promo\u00e7\u00e3o de educa\u00e7\u00e3o a dist\u00e2ncia, capitalizando mais as diversas regi\u00f5es de Minas e possibilitando que pessoas, at\u00e9 ent\u00e3o exclu\u00eddas de determinados processos, pudessem participar de atividades para novos conhecimentos e reciclagem profissional, assistindo aos eventos e capacita\u00e7\u00f5es transmitidas em cadeia para todo o estado\u201d, comenta o analista da Diretoria de Educa\u00e7\u00e3o Ambiental e Rela\u00e7\u00f5es Institucionais (Deari) da\u00a0<a href=\"http:\/\/www.meioambiente.mg.gov.br\/\" target=\"_blank\" rel=\"noopener\">Secretaria de Estado de Meio Ambiente e Desenvolvimento Sustent\u00e1vel (Semad)<\/a>, Ricardo Cottini.<\/p>\n<p>Segundo o subsecret\u00e1rio de Gest\u00e3o Ambiental e Saneamento da Semad, Rodrigo Franco, as a\u00e7\u00f5es de educa\u00e7\u00e3o ambiental incluem, sobretudo, atividades de extens\u00e3o que contribuem para mudan\u00e7as concretas de posturas, h\u00e1bitos e atitudes. \u201cAs nossas orienta\u00e7\u00f5es e capacita\u00e7\u00f5es buscam a reflex\u00e3o para uma forma sustent\u00e1vel de uso do meio ambiente, atingindo diferentes camadas da sociedade, nos 853 munic\u00edpios mineiros\u201d, afirma.<\/p>\n<p><strong>Transpar\u00eancia<\/strong><\/p>\n<p>Desde 2016, as a\u00e7\u00f5es de educa\u00e7\u00e3o ambiental s\u00e3o monitoradas pela Semad e envolvem os quatro \u00f3rg\u00e3os que comp\u00f5em o Sisema: a\u00a0<a href=\"http:\/\/www.feam.br\/\" target=\"_blank\" rel=\"noopener\">Funda\u00e7\u00e3o Estadual de Meio Ambiente (Feam)<\/a>, o\u00a0<a href=\"http:\/\/www.ief.mg.gov.br\/\" target=\"_blank\" rel=\"noopener\">Instituto Estadual de Florestas (IEF)<\/a>\u00a0e o\u00a0<a href=\"http:\/\/www.igam.mg.gov.br\/\" target=\"_blank\" rel=\"noopener\">Instituto Mineiro de Gest\u00e3o das \u00c1guas (Igam)<\/a>, al\u00e9m da Semad.<\/p>\n<p>A princ\u00edpio, os dados eram referentes \u00e0s a\u00e7\u00f5es do IEF e, a partir de 2020, as das outras casas foram inclu\u00eddas, consolidando a elabora\u00e7\u00e3o anual de um relat\u00f3rio de a\u00e7\u00f5es do Sisema.<\/p>\n<p>O documento monitora as a\u00e7\u00f5es voltadas para o desenvolvimento sustent\u00e1vel conforme a miss\u00e3o de cada \u00f3rg\u00e3o, dando transpar\u00eancia ao trabalho de educa\u00e7\u00e3o e extens\u00e3o realizado pelo Sisema, apresentando indicadores de alcance dos mais diversos atores envolvidos, abrang\u00eancia de temas abordados e \u00edndice quantitativo de a\u00e7\u00f5es.<\/p>\n<p>As informa\u00e7\u00f5es tem o objetivo de identificar o envolvimento das institui\u00e7\u00f5es com a sociedade e conhecer necessidades, interesses e problemas nas diversas regi\u00f5es de Minas, al\u00e9m de usar dados para planejar estrategicamente a\u00e7\u00f5es em outros setores, j\u00e1 que a educa\u00e7\u00e3o ambiental \u00e9 transversal e interdisciplinar.<\/p>\n<p>Para ler o relat\u00f3rio completo,\u00a0<a href=\"https:\/\/www.agenciaminas.mg.gov.br\/ckeditor_assets\/attachments\/14522\/relatorio_sisema_ea_2021.pdf\" target=\"_blank\" rel=\"noopener\">clique aqui<\/a>.<\/p>\n<p><span style=\"font-weight: 400;\">Fonte: Ag\u00eancia Minas <\/span><\/p>\n<\/div>\n<p>&nbsp;<\/p>\n","protected":false},"excerpt":{"rendered":"<p>O n\u00famero de atividades de Educa\u00e7\u00e3o Ambiental (EA) em Minas Gerais deu um salto hist\u00f3rico em 2021. Foram feitas pelo Sistema Estadual de Meio Ambiente e Recursos H\u00eddricos (Sisema) 36.934 a\u00e7\u00f5es educativas, atingindo mais de 11 milh\u00f5es de pessoas no estado, um n\u00famero recorde na hist\u00f3ria da EA no Sisema. Os dados est\u00e3o no relat\u00f3rio [&hellip;]<\/p>\n","protected":false},"author":246,"featured_media":200666,"comment_status":"closed","ping_status":"closed","sticky":false,"template":"","format":"standard","meta":{"footnotes":""},"categories":[436,254,439],"tags":[],"class_list":["post-200665","post","type-post","status-publish","format-standard","has-post-thumbnail","hentry","category-destaque-da-semana","category-politica","category-ultima-hora"],"_links":{"self":[{"href":"https:\/\/diarioregionaldigital.com.br\/index.php?rest_route=\/wp\/v2\/posts\/200665","targetHints":{"allow":["GET"]}}],"collection":[{"href":"https:\/\/diarioregionaldigital.com.br\/index.php?rest_route=\/wp\/v2\/posts"}],"about":[{"href":"https:\/\/diarioregionaldigital.com.br\/index.php?rest_route=\/wp\/v2\/types\/post"}],"author":[{"embeddable":true,"href":"https:\/\/diarioregionaldigital.com.br\/index.php?rest_route=\/wp\/v2\/users\/246"}],"replies":[{"embeddable":true,"href":"https:\/\/diarioregionaldigital.com.br\/index.php?rest_route=%2Fwp%2Fv2%2Fcomments&post=200665"}],"version-history":[{"count":2,"href":"https:\/\/diarioregionaldigital.com.br\/index.php?rest_route=\/wp\/v2\/posts\/200665\/revisions"}],"predecessor-version":[{"id":200669,"href":"https:\/\/diarioregionaldigital.com.br\/index.php?rest_route=\/wp\/v2\/posts\/200665\/revisions\/200669"}],"wp:featuredmedia":[{"embeddable":true,"href":"https:\/\/diarioregionaldigital.com.br\/index.php?rest_route=\/wp\/v2\/media\/200666"}],"wp:attachment":[{"href":"https:\/\/diarioregionaldigital.com.br\/index.php?rest_route=%2Fwp%2Fv2%2Fmedia&parent=200665"}],"wp:term":[{"taxonomy":"category","embeddable":true,"href":"https:\/\/diarioregionaldigital.com.br\/index.php?rest_route=%2Fwp%2Fv2%2Fcategories&post=200665"},{"taxonomy":"post_tag","embeddable":true,"href":"https:\/\/diarioregionaldigital.com.br\/index.php?rest_route=%2Fwp%2Fv2%2Ftags&post=200665"}],"curies":[{"name":"wp","href":"https:\/\/api.w.org\/{rel}","templated":true}]}}