{"id":200661,"date":"2022-06-23T20:13:17","date_gmt":"2022-06-23T23:13:17","guid":{"rendered":"https:\/\/diarioregionaldigital.com.br\/?p=200661"},"modified":"2022-06-23T20:13:17","modified_gmt":"2022-06-23T23:13:17","slug":"policia-civil-inaugura-instalacoes-da-coordenadoria-de-recursos-especiais","status":"publish","type":"post","link":"https:\/\/diarioregionaldigital.com.br\/?p=200661","title":{"rendered":"Pol\u00edcia Civil inaugura instala\u00e7\u00f5es da Coordenadoria de Recursos Especiais"},"content":{"rendered":"<p>A Pol\u00edcia Civil de Minas Gerais (PCMG) inaugurou nesta quarta-feira (22\/6), em Nova Lima, na Regi\u00e3o Metropolitana de Belo Horizonte, a sede da Coordenadoria de Recursos Especiais (Core).<\/p>\n<p>A Unidade T\u00e1tica Operacional \u00e9 composta por policiais especializados para atuar em a\u00e7\u00f5es complexas e de alto risco, de gerenciamento de crises, e colabora ainda em trabalhos de delegacias de todo o Estado.<\/p>\n<p><main class=\"clear margin-md-bottom-3\"><\/p>\n<div class=\"clear \">\n<p>O novo pr\u00e9dio da Core est\u00e1 localizado no bairro Vila da Serra e foi viabilizado por meio de parceria com a Prefeitura de Nova Lima, que cedeu o espa\u00e7o. A estrutura conta com ambientes que proporcionam seguran\u00e7a e comodidade, possibilitando o pleno exerc\u00edcio das atividades policiais.<br aria-hidden=\"true\" \/>\u00a0<br aria-hidden=\"true\" \/>A solenidade contou com a presen\u00e7a do chefe da PCMG, delegado-geral Joaquim Francisco Neto e Silva; do secret\u00e1rio de Estado de Justi\u00e7a e Seguran\u00e7a P\u00fablica, Rog\u00e9rio Greco; do \u00a0chefe do Departamento Estadual de Opera\u00e7\u00f5es Especiais, delegado-geral Rodrigo Macedo de Bustamante; do coordenador da Core, delegado Hugo Malhano dos Santos; do inspetor-geral de Investigadores, Breno Coelho Nepomuceno; do prefeito de Nova Lima, Jo\u00e3o Marcelo Dieguez, e do vice-prefeito Diogo Jonata Ribeiro, al\u00e9m do deputado estadual Gustavo Santana; entre outras autoridades e convidados.<br aria-hidden=\"true\" \/>\u00a0<br aria-hidden=\"true\" \/><strong>A Core<\/strong><br aria-hidden=\"true\" \/>\u00a0<br aria-hidden=\"true\" \/>A Coordenadoria de Recursos Especiais\u00a0integra o Departamento Estadual de Opera\u00e7\u00f5es Especiais (Deoesp). A Unidade T\u00e1tica Operacional, criada pela Resolu\u00e7\u00e3o n\u00ba 8.004\/2018, \u00e9 respons\u00e1vel por resgate de ref\u00e9ns, incurs\u00f5es em \u00e1rea de risco, gerenciamento de crises, escolta de dignit\u00e1rios, cumprimento de mandados de pris\u00e3o de alto risco e apoio operacional \u00e0s delegacias que integram a estrutura da PCMG.<br aria-hidden=\"true\" \/>\u00a0<br aria-hidden=\"true\" \/>Em quatro anos, desde a sua cria\u00e7\u00e3o, a Core j\u00e1 atuou em mais de 300 opera\u00e7\u00f5es policiais, com mais de 600 acionamentos.<\/p>\n<p><strong>Posse do chefe do Deoesp<\/strong><br aria-hidden=\"true\" \/>\u00a0<br aria-hidden=\"true\" \/>Ainda na solenidade, em ato simb\u00f3lico, o delegado-geral Rodrigo Macedo de Bustamante foi empossado no cargo de chefe do Departamento Estadual de Opera\u00e7\u00f5es Especiais (Deoesp), para o qual foi designado pelo chefe da Pol\u00edcia Civil.\u00a0 O Deoesp tem a seguinte estrutura: chefia de Departamento e Divis\u00e3o Especializada Operacional, que abarca a Core, a Delegacia Especializada Antissequestro (DAS) e as Delegacias de Repress\u00e3o \u00e0s A\u00e7\u00f5es Criminosas Organizadas (Draco).<br aria-hidden=\"true\" \/>\u00a0\u00a0<br aria-hidden=\"true\" \/>Bustamante ingressou na PCMG em 2002, quando foi designado para a cidade de Al\u00e9m Para\u00edba, posteriormente atuou como delegado regional em Ouro Preto, chefe da Divis\u00e3o Especializada de Investiga\u00e7\u00e3o de Fraudes, chefe do Departamento Estadual de Investiga\u00e7\u00e3o de Crimes Contra o Patrim\u00f4nio, chefe do 2\u00ba Departamento de Pol\u00edcia Civil em Contagem e delegado assistente da chefia da Pol\u00edcia Civil, fun\u00e7\u00e3o da administra\u00e7\u00e3o superior da institui\u00e7\u00e3o.<\/p>\n<p><span style=\"font-weight: 400;\">Fonte: Ag\u00eancia Minas <\/span><\/p>\n<\/div>\n<p><\/main><\/p>\n","protected":false},"excerpt":{"rendered":"<p>A Pol\u00edcia Civil de Minas Gerais (PCMG) inaugurou nesta quarta-feira (22\/6), em Nova Lima, na Regi\u00e3o Metropolitana de Belo Horizonte, a sede da Coordenadoria de Recursos Especiais (Core). A Unidade T\u00e1tica Operacional \u00e9 composta por policiais especializados para atuar em a\u00e7\u00f5es complexas e de alto risco, de gerenciamento de crises, e colabora ainda em trabalhos [&hellip;]<\/p>\n","protected":false},"author":246,"featured_media":200663,"comment_status":"closed","ping_status":"closed","sticky":false,"template":"","format":"standard","meta":{"footnotes":""},"categories":[436,254,439],"tags":[],"class_list":["post-200661","post","type-post","status-publish","format-standard","has-post-thumbnail","hentry","category-destaque-da-semana","category-politica","category-ultima-hora"],"_links":{"self":[{"href":"https:\/\/diarioregionaldigital.com.br\/index.php?rest_route=\/wp\/v2\/posts\/200661","targetHints":{"allow":["GET"]}}],"collection":[{"href":"https:\/\/diarioregionaldigital.com.br\/index.php?rest_route=\/wp\/v2\/posts"}],"about":[{"href":"https:\/\/diarioregionaldigital.com.br\/index.php?rest_route=\/wp\/v2\/types\/post"}],"author":[{"embeddable":true,"href":"https:\/\/diarioregionaldigital.com.br\/index.php?rest_route=\/wp\/v2\/users\/246"}],"replies":[{"embeddable":true,"href":"https:\/\/diarioregionaldigital.com.br\/index.php?rest_route=%2Fwp%2Fv2%2Fcomments&post=200661"}],"version-history":[{"count":1,"href":"https:\/\/diarioregionaldigital.com.br\/index.php?rest_route=\/wp\/v2\/posts\/200661\/revisions"}],"predecessor-version":[{"id":200664,"href":"https:\/\/diarioregionaldigital.com.br\/index.php?rest_route=\/wp\/v2\/posts\/200661\/revisions\/200664"}],"wp:featuredmedia":[{"embeddable":true,"href":"https:\/\/diarioregionaldigital.com.br\/index.php?rest_route=\/wp\/v2\/media\/200663"}],"wp:attachment":[{"href":"https:\/\/diarioregionaldigital.com.br\/index.php?rest_route=%2Fwp%2Fv2%2Fmedia&parent=200661"}],"wp:term":[{"taxonomy":"category","embeddable":true,"href":"https:\/\/diarioregionaldigital.com.br\/index.php?rest_route=%2Fwp%2Fv2%2Fcategories&post=200661"},{"taxonomy":"post_tag","embeddable":true,"href":"https:\/\/diarioregionaldigital.com.br\/index.php?rest_route=%2Fwp%2Fv2%2Ftags&post=200661"}],"curies":[{"name":"wp","href":"https:\/\/api.w.org\/{rel}","templated":true}]}}