{"id":200658,"date":"2022-06-23T20:10:56","date_gmt":"2022-06-23T23:10:56","guid":{"rendered":"https:\/\/diarioregionaldigital.com.br\/?p=200658"},"modified":"2022-06-23T20:10:56","modified_gmt":"2022-06-23T23:10:56","slug":"multinacional-americana-escolhe-prata-no-triangulo-mineiro-para-nova-planta-produtiva","status":"publish","type":"post","link":"https:\/\/diarioregionaldigital.com.br\/?p=200658","title":{"rendered":"Multinacional americana escolhe Prata, no Tri\u00e2ngulo Mineiro, para nova planta produtiva"},"content":{"rendered":"<p>Mais uma grande marca mundial em seu segmento escolhe Minas Gerais como local para expans\u00e3o. A empresa de gen\u00e9tica av\u00edcola Cobb-Vantress vai investir R$ 50 milh\u00f5es em uma unidade de produ\u00e7\u00e3o de pintinhos em Prata, no Tri\u00e2ngulo Mineiro. O objetivo \u00e9 fornecer as aves para clientes da regi\u00e3o e para outros estados. A Cobb \u00e9 a mais antiga empresa de gen\u00e9tica av\u00edcola do mundo e possui outra unidade em Minas, na cidade de Itapagipe, tamb\u00e9m no Tri\u00e2ngulo.<\/p>\n<p>A nova unidade da Cobb ser\u00e1 instalada em um terreno de 16 hectares, recentemente adquirido pela empresa, e vai gerar aproximadamente 60 empregos diretos. O projeto prev\u00ea a constru\u00e7\u00e3o de incubat\u00f3rio de ovos f\u00e9rteis, com a finalidade de produzir aves de um dia para produ\u00e7\u00e3o de frango de corte no mercado brasileiro e no exterior.<\/p>\n<p>Segundo o diretor de Produ\u00e7\u00e3o de Incubat\u00f3rios, Eduardo Costa, a constru\u00e7\u00e3o do incubat\u00f3rio em Prata faz parte do plano de crescimento da Cobb para os pr\u00f3ximos anos e tem como objetivo absorver a produ\u00e7\u00e3o das granjas de Minas Gerais que j\u00e1 est\u00e3o em obras para expandir sua capacidade produtiva, com um investimento total ultrapassando R$ 160 milh\u00f5es.<\/p>\n<p>A regi\u00e3o do Triangulo Mineiro est\u00e1 entre as mais produtivas e promissoras do\u00a0estado, a cidade do Prata est\u00e1 estrategicamente localizada \u00e0s margens da BR-153, favorecendo muito a log\u00edstica de aves e ovos. \u201cAl\u00e9m da produ\u00e7\u00e3o de prote\u00edna animal saud\u00e1vel e sustent\u00e1vel, uma das miss\u00f5es da Cobb \u00e9 promover o desenvolvimento das comunidades onde est\u00e1 inserida, por meio da gera\u00e7\u00e3o de empregos, renda e a\u00e7\u00f5es sociais\u201d, comenta Costa.<\/p>\n<p>\u201cEstamos muito felizes com a vinda da Cobb, que coloca a cidade do Prata na rota do desenvolvimento de Minas Gerais. Temos certeza que vai ajudar muito no crescimento e na gera\u00e7\u00e3o de empregos para a nossa cidade e regi\u00e3o. Temos que agradecer \u00e0 empresa e \u00e0 Invest Minas pelo trabalho conjunto que resultou nessa \u00f3tima not\u00edcia\u201d, diz o prefeito do Prata, Marcel Vieira\u00a0da\u00a0Cunha, o Xex\u00e9u.<\/p>\n<p><strong>Bom momento\u00a0<\/strong><\/p>\n<p>A produ\u00e7\u00e3o de carne de frango e ovos vive um momento de crescimento no Brasil.\u00a0 Ano passado, o pa\u00eds quebrou um recorde nas exporta\u00e7\u00f5es. Minas Gerais est\u00e1 entre os maiores produtores do pa\u00eds e mais oportunidades v\u00e3o surgir neste segmento. Segundo a Associa\u00e7\u00e3o dos Avicultores de Minas Gerais, a previs\u00e3o \u00e9 de um crescimento de 4,5% na produ\u00e7\u00e3o de carne e 3% na produ\u00e7\u00e3o de ovos em 2022.<\/p>\n<p>Segundo o diretor-presidente da\u00a0<a href=\"https:\/\/www.indi.mg.gov.br\/\" target=\"_blank\" rel=\"noopener noreferrer\" data-auth=\"NotApplicable\" data-linkindex=\"0\">Invest Minas<\/a>, Jo\u00e3o Paulo Braga, a nova unidade refor\u00e7a ainda mais a cadeia produtiva t\u00e3o importante para Minas.\u00a0\u201cNossa pol\u00edtica de atra\u00e7\u00e3o de investimentos est\u00e1 alinhada com a voca\u00e7\u00e3o de cada regi\u00e3o de Minas. O Tri\u00e2ngulo Mineiro \u00e9 uma pot\u00eancia do agroneg\u00f3cio e ser\u00e1 cada vez mais com a presen\u00e7a de empresas globais como \u00e9 o caso da Cobb-Vantress no munic\u00edpio do Prata\u201d, diz o executivo.<\/p>\n<p><strong>Atra\u00e7\u00e3o de investimentos<\/strong><\/p>\n<p>O\u00a0<a href=\"https:\/\/www.mg.gov.br\/\" target=\"_blank\" rel=\"noopener noreferrer\" data-auth=\"NotApplicable\" data-linkindex=\"1\">Governo de Minas<\/a>\u00a0tem se destacado na atra\u00e7\u00e3o de investimentos. De 2019 at\u00e9 junho de 2022 foram atra\u00eddos R$236 bilh\u00f5es em investimento, valor referente \u00e0 atra\u00e7\u00e3o de 474 projetos que est\u00e3o sendo instalados em 137 munic\u00edpios mineiros. O montante atra\u00eddo at\u00e9 o momento ultrapassou em 57% a meta estipulada, que era de R$150 bilh\u00f5es para os quatro anos de gest\u00e3o.<\/p>\n<p>Para o secret\u00e1rio de Estado de\u00a0<a href=\"http:\/\/www.desenvolvimento.mg.gov.br\/\" target=\"_blank\" rel=\"noopener noreferrer\" data-auth=\"NotApplicable\" data-linkindex=\"2\">Desenvolvimento Econ\u00f4mico<\/a>, Fernando Passalio, o sucesso de Minas na atra\u00e7\u00e3o de investimentos se deve \u00e0 desburocratiza\u00e7\u00e3o dos processos para abertura de empresas. \u201cEm todos os lugares que visitamos pessoas ficam sabendo sobre o que est\u00e1 ocorrendo em Minas Gerais. Estamos desburocratizando. J\u00e1 foram revogadas mais de 600 normas e 701 setores da economia est\u00e3o isentos de alvar\u00e1. E vamos continuar\u201d, afirmou.<\/p>\n<p><strong>Sobre a empresa\u00a0<\/strong><\/p>\n<p>A Cobb-Vantress \u00e9 a empresa produtora de aves de corte de pedigree mais longeva do planeta. Com sede nos Estados Unidos, fornece gen\u00e9tica de ponta, saud\u00e1vel, de qualidade e acess\u00edvel para todo o mundo, com presen\u00e7a em mais de 120 pa\u00edses. A Cobb-Vantress \u00e9 uma empresa global, que utiliza pesquisas e tecnologias inovadoras para alcan\u00e7ar o que h\u00e1 de melhor na ind\u00fastria av\u00edcola global. No Brasil, a Cobb-Vantress est\u00e1 presente em tr\u00eas\u00a0estados: Minas Gerais, S\u00e3o Paulo e Mato Grosso do Sul, com cinco granjas de aves e tr\u00eas incubat\u00f3rios de ovos.<\/p>\n<p><span style=\"font-weight: 400;\">Fonte: Ag\u00eancia Minas <\/span><\/p>\n","protected":false},"excerpt":{"rendered":"<p>Mais uma grande marca mundial em seu segmento escolhe Minas Gerais como local para expans\u00e3o. A empresa de gen\u00e9tica av\u00edcola Cobb-Vantress vai investir R$ 50 milh\u00f5es em uma unidade de produ\u00e7\u00e3o de pintinhos em Prata, no Tri\u00e2ngulo Mineiro. O objetivo \u00e9 fornecer as aves para clientes da regi\u00e3o e para outros estados. A Cobb \u00e9 [&hellip;]<\/p>\n","protected":false},"author":246,"featured_media":200659,"comment_status":"closed","ping_status":"closed","sticky":false,"template":"","format":"standard","meta":{"footnotes":""},"categories":[436,254,439],"tags":[],"class_list":["post-200658","post","type-post","status-publish","format-standard","has-post-thumbnail","hentry","category-destaque-da-semana","category-politica","category-ultima-hora"],"_links":{"self":[{"href":"https:\/\/diarioregionaldigital.com.br\/index.php?rest_route=\/wp\/v2\/posts\/200658","targetHints":{"allow":["GET"]}}],"collection":[{"href":"https:\/\/diarioregionaldigital.com.br\/index.php?rest_route=\/wp\/v2\/posts"}],"about":[{"href":"https:\/\/diarioregionaldigital.com.br\/index.php?rest_route=\/wp\/v2\/types\/post"}],"author":[{"embeddable":true,"href":"https:\/\/diarioregionaldigital.com.br\/index.php?rest_route=\/wp\/v2\/users\/246"}],"replies":[{"embeddable":true,"href":"https:\/\/diarioregionaldigital.com.br\/index.php?rest_route=%2Fwp%2Fv2%2Fcomments&post=200658"}],"version-history":[{"count":1,"href":"https:\/\/diarioregionaldigital.com.br\/index.php?rest_route=\/wp\/v2\/posts\/200658\/revisions"}],"predecessor-version":[{"id":200660,"href":"https:\/\/diarioregionaldigital.com.br\/index.php?rest_route=\/wp\/v2\/posts\/200658\/revisions\/200660"}],"wp:featuredmedia":[{"embeddable":true,"href":"https:\/\/diarioregionaldigital.com.br\/index.php?rest_route=\/wp\/v2\/media\/200659"}],"wp:attachment":[{"href":"https:\/\/diarioregionaldigital.com.br\/index.php?rest_route=%2Fwp%2Fv2%2Fmedia&parent=200658"}],"wp:term":[{"taxonomy":"category","embeddable":true,"href":"https:\/\/diarioregionaldigital.com.br\/index.php?rest_route=%2Fwp%2Fv2%2Fcategories&post=200658"},{"taxonomy":"post_tag","embeddable":true,"href":"https:\/\/diarioregionaldigital.com.br\/index.php?rest_route=%2Fwp%2Fv2%2Ftags&post=200658"}],"curies":[{"name":"wp","href":"https:\/\/api.w.org\/{rel}","templated":true}]}}