{"id":200655,"date":"2022-06-23T20:06:11","date_gmt":"2022-06-23T23:06:11","guid":{"rendered":"https:\/\/diarioregionaldigital.com.br\/?p=200655"},"modified":"2022-06-23T20:06:11","modified_gmt":"2022-06-23T23:06:11","slug":"governo-de-minas-inaugura-uai-compartilha-em-tres-coracoes-no-sul-de-minas","status":"publish","type":"post","link":"https:\/\/diarioregionaldigital.com.br\/?p=200655","title":{"rendered":"Governo de Minas inaugura UAI Compartilha em Tr\u00eas Cora\u00e7\u00f5es, no Sul de Minas"},"content":{"rendered":"<p>O\u00a0<a href=\"http:\/\/www.mg.gov.br\/\" target=\"_blank\" rel=\"noopener\">Governo de Minas<\/a>\u00a0inaugurou, nesta quinta-feira (23\/6), em Tr\u00eas Cora\u00e7\u00f5es, no Sul de Minas, uma UAI Compartilha. O objetivo \u00e9 facilitar a vida do cidad\u00e3o, reunindo em um mesmo local diversos atendimentos, como capta\u00e7\u00e3o de vagas de emprego, atestado de antecedentes criminais, emiss\u00e3o de carteira de identidade e CPF, solicita\u00e7\u00e3o de seguro-desemprego,\u00a0ouvidoria e servi\u00e7os de Detran.<\/p>\n<p>A parceria entre o estado e o munic\u00edpio beneficiar\u00e1 149 mil moradores de Tr\u00eas Cora\u00e7\u00f5es e de outras seis cidades: Cambuquira, Campanha, Concei\u00e7\u00e3o do Rio Verde, S\u00e3o Tom\u00e9 das Letras, S\u00e3o Bento Abade, Carmo da Cachoeira. A expectativa \u00e9 de realizar aproximadamente 114 mil atendimentos por ano.<\/p>\n<p><main class=\"clear margin-md-bottom-3\"><\/p>\n<div class=\"clear \">\n<p><strong>Cidadania<\/strong><\/p>\n<p>A secret\u00e1ria de Estado de\u00a0<a href=\"http:\/\/www.planejamento.mg.gov.br\/\" target=\"_blank\" rel=\"noopener\">Planejamento e Gest\u00e3o<\/a>, Lu\u00edsa Barreto, que acompanhou a abertura da ag\u00eancia, explicou que o modelo foi constru\u00eddo para agregar em um \u00fanico espa\u00e7o os servi\u00e7os estadual, municipal e federal e, com isso, atender melhor e facilitar a vida da popula\u00e7\u00e3o, al\u00e9m proporcionar maior desenvolvimento da cidade.<\/p>\n<p>\u201cImplantar uma UAI \u00e9 um exerc\u00edcio de cidadania, pois permite que as pessoas tenham acesso aos servi\u00e7os b\u00e1sicos. Antes, o cidad\u00e3o precisava se deslocar at\u00e9 Varginha. Agora, ele passar\u00e1 a economizar tempo, dinheiro e ter\u00e1 um atendimento de qualidade, presteza e cordialidade\u201d, afirmou a secret\u00e1ria.<\/p>\n<p>O Estado \u00e9 respons\u00e1vel pelo sistema de gerenciamento de filas, al\u00e9m de articular com \u00f3rg\u00e3os respons\u00e1veis pelo servi\u00e7o no local. J\u00e1 o munic\u00edpio arca com implanta\u00e7\u00e3o e custeio.<\/p>\n<p><strong>O programa<\/strong><\/p>\n<p>Nesta sexta-feira (24\/6), o governo inaugura tamb\u00e9m a UAI Compartilha de Itajub\u00e1, que atender\u00e1 oito munic\u00edpios: Itajub\u00e1, Braz\u00f3polis, Delfim Moreira, Maria da F\u00e9, S\u00e3o Jos\u00e9 do Alegre, Pirangu\u00e7u, Vargem Alegre e Marmel\u00f3polis.<\/p>\n<p>A\u00a0UAI Compartilha foi lan\u00e7ada em 2019 e faz parte do programa estrat\u00e9gico \u201cMinas Atende\u201d, da Seplag. A primeira unidade foi inaugurada em dezembro de 2021, em Leopoldina. A Secretaria\u00a0possui conv\u00eanios assinados com outros 25\u00a0munic\u00edpios para a implanta\u00e7\u00e3o do servi\u00e7o. Com as inaugura\u00e7\u00f5es desta semana, Minas passa a contar com 34\u00a0unidades.<\/p>\n<p><strong>Assist\u00eancia a presos<\/strong><\/p>\n<p>Tamb\u00e9m um N\u00facleo de Assist\u00eancia \u00e0 Fam\u00edlia (NAF) funcionar\u00e1 dentro da Unidade de Atendimento Integrado (UAI), para atender amigos e familiares de presos do munic\u00edpio. Com o servi\u00e7o prestado em Tr\u00eas Cora\u00e7\u00f5es, o estado passa a contar com um total de 26 NAFs. Os n\u00facleos s\u00e3o sempre dispostos em locais estrategicamente escolhidos de modo a facilitar o acesso dos familiares de presos, al\u00e9m de diminuir a demanda dos assistentes sociais de cada unidade, que passam a focar o seu trabalho na assist\u00eancia direta aos presos.<\/p>\n<p>Por meio de parceria entre a\u00a0<a href=\"http:\/\/www.seguranca.mg.gov.br\/\" target=\"_blank\" rel=\"noopener\">Secretaria de Estado de Justi\u00e7a e Seguran\u00e7a P\u00fablica (Sejusp)<\/a>\u00a0e a Secretaria de Estado de Planejamento e Gest\u00e3o (Seplag), o NAF busca humanizar e agilizar os atendimentos, al\u00e9m de eliminar deslocamentos longos para as portarias dos pres\u00eddios, geralmente localizados em \u00e1reas perif\u00e9ricas, com defici\u00eancia de servi\u00e7os de transporte e de pontos de apoio para alimenta\u00e7\u00e3o em seus arredores.<\/p>\n<p>\u201cA implanta\u00e7\u00e3o do NAF visa o atendimento humanizado e qualificado aos familiares das pessoas em priva\u00e7\u00e3o de liberdade, otimizando o tempo de espera, que anteriormente era realizado nas portarias das unidades prisionais\u201d, destaca Poliana Albino, diretora de Assist\u00eancia \u00e0 Fam\u00edlia.<\/p>\n<p><strong>Como acessar<\/strong><\/p>\n<p>Os servi\u00e7os prestados s\u00e3o cadastramento e credenciamento para visitas (\u00edntima, social e assistida), emiss\u00e3o de carteirinha, atendimento social e entrega de documentos (aux\u00edlio reclus\u00e3o, atestado carcer\u00e1rio e atestado de remiss\u00e3o de pena).<\/p>\n<p>Para solicitar atendimento, \u00e9 necess\u00e1rio agendamento pr\u00e9vio, por meio\u00a0<a href=\"https:\/\/www.mg.gov.br\/pagina\/agendamento-online-gratuito\" target=\"_blank\" rel=\"noopener\">deste link<\/a>, escolhendo o servi\u00e7o, munic\u00edpio, unidade, data e hor\u00e1rio.<\/p>\n<p>O atendimento no NAF de Tr\u00eas Cora\u00e7\u00f5es ocorrer\u00e1 de segunda a sexta-feira, das 8h \u00e0s 17h, no endere\u00e7o: Avenida Deputado Renato Azeredo, 1048, Bairro Nossa Senhora Aparecida. As d\u00favidas podem ser encaminhadas para o e-mail\u00a0<a href=\"mailto:naftrescoracoes1@gmail.com\">naftrescoracoes1@gmail.com<\/a>.<\/p>\n<p><span style=\"font-weight: 400;\">Fonte: Ag\u00eancia Minas <\/span><\/p>\n<p>&nbsp;<\/p>\n<\/div>\n<p><\/main><\/p>\n","protected":false},"excerpt":{"rendered":"<p>O\u00a0Governo de Minas\u00a0inaugurou, nesta quinta-feira (23\/6), em Tr\u00eas Cora\u00e7\u00f5es, no Sul de Minas, uma UAI Compartilha. O objetivo \u00e9 facilitar a vida do cidad\u00e3o, reunindo em um mesmo local diversos atendimentos, como capta\u00e7\u00e3o de vagas de emprego, atestado de antecedentes criminais, emiss\u00e3o de carteira de identidade e CPF, solicita\u00e7\u00e3o de seguro-desemprego,\u00a0ouvidoria e servi\u00e7os de Detran. [&hellip;]<\/p>\n","protected":false},"author":246,"featured_media":200656,"comment_status":"closed","ping_status":"closed","sticky":false,"template":"","format":"standard","meta":{"footnotes":""},"categories":[436,440,254,439],"tags":[],"class_list":["post-200655","post","type-post","status-publish","format-standard","has-post-thumbnail","hentry","category-destaque-da-semana","category-destaques-do-dia","category-politica","category-ultima-hora"],"_links":{"self":[{"href":"https:\/\/diarioregionaldigital.com.br\/index.php?rest_route=\/wp\/v2\/posts\/200655","targetHints":{"allow":["GET"]}}],"collection":[{"href":"https:\/\/diarioregionaldigital.com.br\/index.php?rest_route=\/wp\/v2\/posts"}],"about":[{"href":"https:\/\/diarioregionaldigital.com.br\/index.php?rest_route=\/wp\/v2\/types\/post"}],"author":[{"embeddable":true,"href":"https:\/\/diarioregionaldigital.com.br\/index.php?rest_route=\/wp\/v2\/users\/246"}],"replies":[{"embeddable":true,"href":"https:\/\/diarioregionaldigital.com.br\/index.php?rest_route=%2Fwp%2Fv2%2Fcomments&post=200655"}],"version-history":[{"count":1,"href":"https:\/\/diarioregionaldigital.com.br\/index.php?rest_route=\/wp\/v2\/posts\/200655\/revisions"}],"predecessor-version":[{"id":200657,"href":"https:\/\/diarioregionaldigital.com.br\/index.php?rest_route=\/wp\/v2\/posts\/200655\/revisions\/200657"}],"wp:featuredmedia":[{"embeddable":true,"href":"https:\/\/diarioregionaldigital.com.br\/index.php?rest_route=\/wp\/v2\/media\/200656"}],"wp:attachment":[{"href":"https:\/\/diarioregionaldigital.com.br\/index.php?rest_route=%2Fwp%2Fv2%2Fmedia&parent=200655"}],"wp:term":[{"taxonomy":"category","embeddable":true,"href":"https:\/\/diarioregionaldigital.com.br\/index.php?rest_route=%2Fwp%2Fv2%2Fcategories&post=200655"},{"taxonomy":"post_tag","embeddable":true,"href":"https:\/\/diarioregionaldigital.com.br\/index.php?rest_route=%2Fwp%2Fv2%2Ftags&post=200655"}],"curies":[{"name":"wp","href":"https:\/\/api.w.org\/{rel}","templated":true}]}}