{"id":200652,"date":"2022-06-23T20:01:33","date_gmt":"2022-06-23T23:01:33","guid":{"rendered":"https:\/\/diarioregionaldigital.com.br\/?p=200652"},"modified":"2022-06-23T20:01:33","modified_gmt":"2022-06-23T23:01:33","slug":"trabalhadores-da-volkswagen-terao-reducao-de-jornada","status":"publish","type":"post","link":"https:\/\/diarioregionaldigital.com.br\/?p=200652","title":{"rendered":"Trabalhadores da Volkswagen ter\u00e3o redu\u00e7\u00e3o de jornada"},"content":{"rendered":"<p>A f\u00e1brica da Volkswagen, em S\u00e3o Bernardo do Campo, no interior de S\u00e3o Paulo, fechou um acordo com os funcion\u00e1rios, que prev\u00ea a redu\u00e7\u00e3o da jornada de trabalho com diminui\u00e7\u00e3o de sal\u00e1rios para tentar passar pela crise ocasionada pela falta de componentes eletr\u00f4nicos e pe\u00e7as, o que continua prejudicando a produ\u00e7\u00e3o nas montadoras. Mesmo com a alta demanda, os ve\u00edculos n\u00e3o s\u00e3o finalizados, o que gera diminui\u00e7\u00e3o do trabalho.<img decoding=\"async\" src=\"https:\/\/agenciabrasil.ebc.com.br\/ebc.png?id=1467290&amp;o=node\" \/><img decoding=\"async\" src=\"https:\/\/agenciabrasil.ebc.com.br\/ebc.gif?id=1467290&amp;o=node\" \/><\/p>\n<p>Segundo informa\u00e7\u00f5es do Sindicato dos Metal\u00fargicos do ABC, a medida est\u00e1 assegurada por acordo v\u00e1lido por cinco anos, firmado pelo sindicato, e a decis\u00e3o foi comunicada aos trabalhadores, ontem, em assembleias internas. O programa, que tem percentual de redu\u00e7\u00e3o de 24% da jornada e 12% nos sal\u00e1rios, sendo cinco dias a menos de trabalho, ser\u00e1 implantado logo ap\u00f3s o t\u00e9rmino das f\u00e9rias coletivas que v\u00e3o de 27 de junho a 7 de julho.<\/p>\n<h2>Menor impacto<\/h2>\n<p>Segundo o diretor administrativo do sindicato e representante na Volks, Wellington Messias Damasceno, a op\u00e7\u00e3o pela redu\u00e7\u00e3o de jornada tem menor impacto na cadeia produtiva e para os trabalhadores terceirizados.<\/p>\n<p>\u201cA Volks queria parar um turno, n\u00f3s negociamos para, ao inv\u00e9s disso, reduzir a jornada e manter os turnos funcionando, o que diminui o impacto na cadeia de produ\u00e7\u00e3o, nos fornecedores e, sobretudo, nos terceirizados que n\u00e3o t\u00eam o mesmo acordo que os trabalhadores da Volks\u201d, explicou.<\/p>\n<p>De acordo com o sindicato, a medida ser\u00e1 avaliada m\u00eas a m\u00eas e pode sofrer altera\u00e7\u00f5es at\u00e9 a normaliza\u00e7\u00e3o da situa\u00e7\u00e3o, que n\u00e3o tem data prevista para ocorrer.<\/p>\n<p>Por meio de nota, a Volkswagen confirmou a ado\u00e7\u00e3o de novas medidas de flexibiliza\u00e7\u00e3o da m\u00e3o de obra na unidade de S\u00e3o Bernardo do Campo, previstas em Acordo Coletivo de Trabalho com o Sindicato dos Metal\u00fargicos do ABC, durante o m\u00eas de julho, em raz\u00e3o da falta de componentes.<\/p>\n<p>Fonte: Ag\u00eancia Brasil<\/p>\n","protected":false},"excerpt":{"rendered":"<p>A f\u00e1brica da Volkswagen, em S\u00e3o Bernardo do Campo, no interior de S\u00e3o Paulo, fechou um acordo com os funcion\u00e1rios, que prev\u00ea a redu\u00e7\u00e3o da jornada de trabalho com diminui\u00e7\u00e3o de sal\u00e1rios para tentar passar pela crise ocasionada pela falta de componentes eletr\u00f4nicos e pe\u00e7as, o que continua prejudicando a produ\u00e7\u00e3o nas montadoras. Mesmo com [&hellip;]<\/p>\n","protected":false},"author":246,"featured_media":200653,"comment_status":"closed","ping_status":"closed","sticky":false,"template":"","format":"standard","meta":{"footnotes":""},"categories":[436,261,439],"tags":[],"class_list":["post-200652","post","type-post","status-publish","format-standard","has-post-thumbnail","hentry","category-destaque-da-semana","category-economia","category-ultima-hora"],"_links":{"self":[{"href":"https:\/\/diarioregionaldigital.com.br\/index.php?rest_route=\/wp\/v2\/posts\/200652","targetHints":{"allow":["GET"]}}],"collection":[{"href":"https:\/\/diarioregionaldigital.com.br\/index.php?rest_route=\/wp\/v2\/posts"}],"about":[{"href":"https:\/\/diarioregionaldigital.com.br\/index.php?rest_route=\/wp\/v2\/types\/post"}],"author":[{"embeddable":true,"href":"https:\/\/diarioregionaldigital.com.br\/index.php?rest_route=\/wp\/v2\/users\/246"}],"replies":[{"embeddable":true,"href":"https:\/\/diarioregionaldigital.com.br\/index.php?rest_route=%2Fwp%2Fv2%2Fcomments&post=200652"}],"version-history":[{"count":1,"href":"https:\/\/diarioregionaldigital.com.br\/index.php?rest_route=\/wp\/v2\/posts\/200652\/revisions"}],"predecessor-version":[{"id":200654,"href":"https:\/\/diarioregionaldigital.com.br\/index.php?rest_route=\/wp\/v2\/posts\/200652\/revisions\/200654"}],"wp:featuredmedia":[{"embeddable":true,"href":"https:\/\/diarioregionaldigital.com.br\/index.php?rest_route=\/wp\/v2\/media\/200653"}],"wp:attachment":[{"href":"https:\/\/diarioregionaldigital.com.br\/index.php?rest_route=%2Fwp%2Fv2%2Fmedia&parent=200652"}],"wp:term":[{"taxonomy":"category","embeddable":true,"href":"https:\/\/diarioregionaldigital.com.br\/index.php?rest_route=%2Fwp%2Fv2%2Fcategories&post=200652"},{"taxonomy":"post_tag","embeddable":true,"href":"https:\/\/diarioregionaldigital.com.br\/index.php?rest_route=%2Fwp%2Fv2%2Ftags&post=200652"}],"curies":[{"name":"wp","href":"https:\/\/api.w.org\/{rel}","templated":true}]}}