{"id":200410,"date":"2022-06-17T16:59:57","date_gmt":"2022-06-17T19:59:57","guid":{"rendered":"https:\/\/diarioregionaldigital.com.br\/?p=200410"},"modified":"2022-06-17T16:59:57","modified_gmt":"2022-06-17T19:59:57","slug":"prorrogado-para-21-6-o-prazo-para-matriculas-do-trilhas-de-futuro-educadores","status":"publish","type":"post","link":"https:\/\/diarioregionaldigital.com.br\/?p=200410","title":{"rendered":"Prorrogado para 21\/6 o prazo para matr\u00edculas do Trilhas de Futuro Educadores"},"content":{"rendered":"<p>Servidores da educa\u00e7\u00e3o que foram contemplados com uma vaga para um dos cursos gratuitos de especializa\u00e7\u00e3o lato sensu oferecidos no projeto Trilhas de Futuro Educadores ter\u00e3o alguns dias a mais para realizar a matr\u00edcula. O per\u00edodo para o envio da documenta\u00e7\u00e3o efetiva\u00e7\u00e3o da matr\u00edcula foi prorrogado at\u00e9 a pr\u00f3xima ter\u00e7a-feira (21\/6). O resultado das aloca\u00e7\u00f5es dos servidores segue dispon\u00edvel no site\u00a0<a href=\"https:\/\/www.trilhaseducadores.mg.gov.br\/\" target=\"_blank\" rel=\"noopener\">www.trilhaseducadores.mg.gov.br<\/a>.<\/p>\n<p>O servidor dever\u00e1 imprimir os documentos necess\u00e1rios e levar at\u00e9 a sua chefia imediata para assinar. Os documentos obrigat\u00f3rios est\u00e3o no manual do servidor que pode ser acessado neste link.<\/p>\n<p>Todas as informa\u00e7\u00f5es referentes \u00e0 forma de como efetivar matr\u00edcula em cada institui\u00e7\u00e3o de ensino constam no cat\u00e1logo de institui\u00e7\u00f5es, dispon\u00edvel na\u00a0<a href=\"https:\/\/www2.educacao.mg.gov.br\/images\/documentos\/CAT%C3%81LOGO%20DE%20INSTITUI%C3%87%C3%95ES.pdf\" target=\"_blank\" rel=\"noopener\">p\u00e1gina oficial do Trilhas Educadores<\/a>. Ap\u00f3s o per\u00edodo de matr\u00edcula o servidor receber\u00e1 um e-mail de confirma\u00e7\u00e3o.<\/p>\n<p>Este projeto \u00e9 a maior iniciativa de forma\u00e7\u00e3o continuada realizada pela\u00a0<a href=\"https:\/\/www2.educacao.mg.gov.br\/\" target=\"_blank\" rel=\"noopener\">Secretaria de Estado de Educa\u00e7\u00e3o de Minas Gerais (SEE\/MG)<\/a>\u00a0e foi criado para fortalecer a qualifica\u00e7\u00e3o dos educadores estaduais, promover a valoriza\u00e7\u00e3o da carreira profissional e aprimorar a qualidade do ensino p\u00fablico nas escolas da rede. Foram recebidas cerca de 42 mil inscri\u00e7\u00f5es. As forma\u00e7\u00f5es s\u00e3o para diferentes \u00e1reas voltadas para profissionais da Educa\u00e7\u00e3o efetivos e est\u00e1veis das carreiras da SEE, tanto para professores e especialistas de educa\u00e7\u00e3o b\u00e1sica, quanto para os servidores t\u00e9cnico-administrativos que atuam nas escolas estaduais, nas regionais e na unidade central.<\/p>\n<p>O in\u00edcio das aulas das especializa\u00e7\u00f5es e MBAs est\u00e1 previsto para 8\/8.<\/p>\n<p><strong>Mestrado e doutorado<\/strong><\/p>\n<p>Vale ressaltar que o per\u00edodo de matr\u00edculas para os cursos de mestrado e doutorado pelo Trilhas Educadores seguir\u00e1 os cronogramas pr\u00f3prios estabelecidos pelas institui\u00e7\u00f5es de ensino superior, que tamb\u00e9m possuem crit\u00e9rios pr\u00f3prios de sele\u00e7\u00e3o. A inscri\u00e7\u00e3o j\u00e1 realizada \u00e9 a primeira etapa do processo seletivo para as candidaturas pleiteadas nos cursos de p\u00f3s-gradua\u00e7\u00e3o stricto sensu. Cada servidor dever\u00e1 participar do processo seletivo da respectiva institui\u00e7\u00e3o de ensino a qual se candidatou. Os editais com as normas dos processos seletivos est\u00e3o dispon\u00edveis no site do projeto na aba \u201cMestrado\/Doutorado\u201d. \u00c9 importante verificar os prazos de inscri\u00e7\u00e3o nas institui\u00e7\u00f5es, os documentos e etapas exigidas para sua participa\u00e7\u00e3o no processo. A inscri\u00e7\u00e3o no sistema n\u00e3o gera garantia de vaga, devendo o candidato ser aprovado no processo seletivo da institui\u00e7\u00e3o.<\/p>\n<p>Ao longo do ano, o projeto vai oferecer 40 mil vagas de forma gratuita para os servidores da Educa\u00e7\u00e3o nos cursos p\u00f3s-gradua\u00e7\u00e3o lato sensu (especializa\u00e7\u00e3o e MBA na modalidade EAD) e stricto sensu (mestrado e doutorado), em institui\u00e7\u00f5es de ensino superior de todo o pa\u00eds credenciadas pela SEE\/MG.<\/p>\n<p><strong>Nova oportunidade<\/strong><\/p>\n<p>Os servidores da educa\u00e7\u00e3o interessados em cursar uma p\u00f3s-gradua\u00e7\u00e3o gratuita, mas que ainda n\u00e3o foram selecionados ou perderam o prazo de inscri\u00e7\u00e3o ter\u00e3o nova oportunidade de conquistar uma vaga por meio do Trilhas de Futuro Educadores. Ap\u00f3s a etapa de matr\u00edculas dos candidatos selecionados, ser\u00e1 divulgada uma nova lista de realoca\u00e7\u00e3o daqueles que se inscreveram no processo, mas n\u00e3o haviam sido selecionados. O prazo para a matr\u00edcula de realoca\u00e7\u00e3o ser\u00e1 entre 29\/6 e 05\/7.<\/p>\n<p>J\u00e1 no per\u00edodo de 11\/7 a 18\/7 ser\u00e3o disponibilizadas as vagas residuais de especializa\u00e7\u00e3o e MBA, que s\u00e3o aquelas que ainda n\u00e3o foram preenchidas. Nessa etapa, todos os interessados e que ainda n\u00e3o est\u00e3o matriculados em uma forma\u00e7\u00e3o, mesmo aqueles que n\u00e3o se inscreveram na primeira fase, poder\u00e3o participar, desde que sejam servidores efetivos e est\u00e1veis das carreiras da educa\u00e7\u00e3o previstas no edital do projeto, que atuam nas escolas estaduais, nas Superintend\u00eancias Regionais Ensino (SRE) e na unidade central.<\/p>\n<p><span style=\"font-weight: 400;\"><br \/>\n<\/span><span style=\"font-weight: 400;\">Fonte: Ag\u00eancia Minas <\/span><\/p>\n","protected":false},"excerpt":{"rendered":"<p>Servidores da educa\u00e7\u00e3o que foram contemplados com uma vaga para um dos cursos gratuitos de especializa\u00e7\u00e3o lato sensu oferecidos no projeto Trilhas de Futuro Educadores ter\u00e3o alguns dias a mais para realizar a matr\u00edcula. O per\u00edodo para o envio da documenta\u00e7\u00e3o efetiva\u00e7\u00e3o da matr\u00edcula foi prorrogado at\u00e9 a pr\u00f3xima ter\u00e7a-feira (21\/6). O resultado das aloca\u00e7\u00f5es [&hellip;]<\/p>\n","protected":false},"author":246,"featured_media":200411,"comment_status":"closed","ping_status":"closed","sticky":false,"template":"","format":"standard","meta":{"footnotes":""},"categories":[436,254,439],"tags":[],"class_list":["post-200410","post","type-post","status-publish","format-standard","has-post-thumbnail","hentry","category-destaque-da-semana","category-politica","category-ultima-hora"],"_links":{"self":[{"href":"https:\/\/diarioregionaldigital.com.br\/index.php?rest_route=\/wp\/v2\/posts\/200410","targetHints":{"allow":["GET"]}}],"collection":[{"href":"https:\/\/diarioregionaldigital.com.br\/index.php?rest_route=\/wp\/v2\/posts"}],"about":[{"href":"https:\/\/diarioregionaldigital.com.br\/index.php?rest_route=\/wp\/v2\/types\/post"}],"author":[{"embeddable":true,"href":"https:\/\/diarioregionaldigital.com.br\/index.php?rest_route=\/wp\/v2\/users\/246"}],"replies":[{"embeddable":true,"href":"https:\/\/diarioregionaldigital.com.br\/index.php?rest_route=%2Fwp%2Fv2%2Fcomments&post=200410"}],"version-history":[{"count":1,"href":"https:\/\/diarioregionaldigital.com.br\/index.php?rest_route=\/wp\/v2\/posts\/200410\/revisions"}],"predecessor-version":[{"id":200412,"href":"https:\/\/diarioregionaldigital.com.br\/index.php?rest_route=\/wp\/v2\/posts\/200410\/revisions\/200412"}],"wp:featuredmedia":[{"embeddable":true,"href":"https:\/\/diarioregionaldigital.com.br\/index.php?rest_route=\/wp\/v2\/media\/200411"}],"wp:attachment":[{"href":"https:\/\/diarioregionaldigital.com.br\/index.php?rest_route=%2Fwp%2Fv2%2Fmedia&parent=200410"}],"wp:term":[{"taxonomy":"category","embeddable":true,"href":"https:\/\/diarioregionaldigital.com.br\/index.php?rest_route=%2Fwp%2Fv2%2Fcategories&post=200410"},{"taxonomy":"post_tag","embeddable":true,"href":"https:\/\/diarioregionaldigital.com.br\/index.php?rest_route=%2Fwp%2Fv2%2Ftags&post=200410"}],"curies":[{"name":"wp","href":"https:\/\/api.w.org\/{rel}","templated":true}]}}