{"id":200406,"date":"2022-06-17T16:50:52","date_gmt":"2022-06-17T19:50:52","guid":{"rendered":"https:\/\/diarioregionaldigital.com.br\/?p=200406"},"modified":"2022-06-17T16:50:52","modified_gmt":"2022-06-17T19:50:52","slug":"convenio-da-semad-com-municipio-de-guanhaes-para-saneamento-rural-beneficia-175-familias","status":"publish","type":"post","link":"https:\/\/diarioregionaldigital.com.br\/?p=200406","title":{"rendered":"Conv\u00eanio da Semad com munic\u00edpio de Guanh\u00e3es para saneamento rural beneficia 175 fam\u00edlias"},"content":{"rendered":"<p>Para garantir o tratamento de efluentes sanit\u00e1rios em Guanh\u00e3es, no Leste de Minas Gerais, o munic\u00edpio recebeu kits contendo biodigestores e caixas de gordura que ser\u00e3o implantados em \u00e1reas rurais da cidade. Os equipamentos ser\u00e3o utilizados para melhoria do esgotamento sanit\u00e1rio na \u00e1rea rural de Guanh\u00e3es e ser\u00e3o destinados \u00e0s comunidades rurais de Prata, Corrente Canoa, Cachoeira das Pombas, Farias e na pr\u00f3pria cidade de Guanh\u00e3es. No total, ser\u00e3o beneficiadas diretamente 175 fam\u00edlias.<\/p>\n<p>Os kits, que contemplam um biodigestor e caixa de gordura, foram adquiridos via emenda parlamentar no valor de R$ 340 mil, com um acr\u00e9scimo de R$ 17.831,98, como contrapartida da prefeitura, totalizando um investimento de R$ 357.831,98.<\/p>\n<p>A\u00a0<a href=\"http:\/\/www.meioambiente.mg.gov.br\/\" target=\"_blank\" rel=\"noopener\">Secretaria de Estado de Meio Ambiente e Desenvolvimento Sustent\u00e1vel (Semad)<\/a>, por meio da Subsecretaria de Gest\u00e3o Ambiental e Saneamento (Suges), teve papel principal na articula\u00e7\u00e3o e apoio t\u00e9cnico \u00e0 equipe da prefeitura de Guanh\u00e3es para elabora\u00e7\u00e3o do pleito e acompanhamento do progresso quanto \u00e0 execu\u00e7\u00e3o do conv\u00eanio firmado via Semad.<\/p>\n<p>O subsecret\u00e1rio de Gest\u00e3o Ambiental e Saneamento da Semad, Rodrigo Franco, explica que o saneamento contribui com a sa\u00fade p\u00fablica. \u201c\u00c9 de suma import\u00e2ncia aplicarmos tecnologias pr\u00f3prias para o tratamento individual dos efluentes sanit\u00e1rios em comunidades rurais isoladas, uma vez que na maioria dos casos h\u00e1 uma dispers\u00e3o entre a resid\u00eancia, o que inviabiliza o tratamento coletivo\u201d, afirma.<\/p>\n<p><strong>Qualidade de vida<\/strong><\/p>\n<p>Em Guanh\u00e3es, atualmente, somente o esgoto da \u00e1rea central da cidade recebe tratamento prim\u00e1rio e secund\u00e1rio. O esgotamento sanit\u00e1rio das resid\u00eancias das comunidades rurais e distritos s\u00e3o despejados nos cursos d\u2019\u00e1guas pr\u00f3ximas \u00e0s comunidades rurais sem receber tratamento do esgoto.<\/p>\n<p>A prefeita de Guanh\u00e3es, D\u00f3ris Campos Coelho, observou que o trabalho n\u00e3o seria executado sem o apoio do Governo de Minas, especialmente da Semad. \u201cAs instala\u00e7\u00f5es significam qualidade de vida, sa\u00fade e desenvolvimento sustent\u00e1vel para a popula\u00e7\u00e3o do munic\u00edpio\u201d, destaca.<\/p>\n<p>De acordo com o Servi\u00e7o Aut\u00f4nomo Abastecimento de \u00c1gua e Esgoto (SAAE) do munic\u00edpio, existem projetos de sistemas de esgotamento sanit\u00e1rio para atender algumas localidades como Barreiras, Correntinha, Cruzeiro do Aricanga, Sapucaia e Taquaral.<\/p>\n<p>\u201cPara as quatro localidades beneficiadas pelo projeto n\u00e3o havia, at\u00e9 o momento, projeto para realizar tratamento de esgoto\u201d, observa o diretor de Abastecimento de \u00c1gua e Esgotamento Sanit\u00e1rio da Semad, Kleynner Jardim Lopes. \u201cDesta forma, o conv\u00eanio possibilita que novas tecnologias possam garantir o correto tratamento e a disposi\u00e7\u00e3o final para os efluentes sanit\u00e1rios gerados e isso \u00e9 de grande import\u00e2ncia socioambiental\u201d, frisa.<\/p>\n<p><span style=\"font-weight: 400;\"><br \/>\n<\/span><span style=\"font-weight: 400;\">Fonte: Ag\u00eancia Minas <\/span><\/p>\n","protected":false},"excerpt":{"rendered":"<p>Para garantir o tratamento de efluentes sanit\u00e1rios em Guanh\u00e3es, no Leste de Minas Gerais, o munic\u00edpio recebeu kits contendo biodigestores e caixas de gordura que ser\u00e3o implantados em \u00e1reas rurais da cidade. Os equipamentos ser\u00e3o utilizados para melhoria do esgotamento sanit\u00e1rio na \u00e1rea rural de Guanh\u00e3es e ser\u00e3o destinados \u00e0s comunidades rurais de Prata, Corrente [&hellip;]<\/p>\n","protected":false},"author":246,"featured_media":200407,"comment_status":"closed","ping_status":"closed","sticky":false,"template":"","format":"standard","meta":{"footnotes":""},"categories":[436,254,439],"tags":[],"class_list":["post-200406","post","type-post","status-publish","format-standard","has-post-thumbnail","hentry","category-destaque-da-semana","category-politica","category-ultima-hora"],"_links":{"self":[{"href":"https:\/\/diarioregionaldigital.com.br\/index.php?rest_route=\/wp\/v2\/posts\/200406","targetHints":{"allow":["GET"]}}],"collection":[{"href":"https:\/\/diarioregionaldigital.com.br\/index.php?rest_route=\/wp\/v2\/posts"}],"about":[{"href":"https:\/\/diarioregionaldigital.com.br\/index.php?rest_route=\/wp\/v2\/types\/post"}],"author":[{"embeddable":true,"href":"https:\/\/diarioregionaldigital.com.br\/index.php?rest_route=\/wp\/v2\/users\/246"}],"replies":[{"embeddable":true,"href":"https:\/\/diarioregionaldigital.com.br\/index.php?rest_route=%2Fwp%2Fv2%2Fcomments&post=200406"}],"version-history":[{"count":2,"href":"https:\/\/diarioregionaldigital.com.br\/index.php?rest_route=\/wp\/v2\/posts\/200406\/revisions"}],"predecessor-version":[{"id":200409,"href":"https:\/\/diarioregionaldigital.com.br\/index.php?rest_route=\/wp\/v2\/posts\/200406\/revisions\/200409"}],"wp:featuredmedia":[{"embeddable":true,"href":"https:\/\/diarioregionaldigital.com.br\/index.php?rest_route=\/wp\/v2\/media\/200407"}],"wp:attachment":[{"href":"https:\/\/diarioregionaldigital.com.br\/index.php?rest_route=%2Fwp%2Fv2%2Fmedia&parent=200406"}],"wp:term":[{"taxonomy":"category","embeddable":true,"href":"https:\/\/diarioregionaldigital.com.br\/index.php?rest_route=%2Fwp%2Fv2%2Fcategories&post=200406"},{"taxonomy":"post_tag","embeddable":true,"href":"https:\/\/diarioregionaldigital.com.br\/index.php?rest_route=%2Fwp%2Fv2%2Ftags&post=200406"}],"curies":[{"name":"wp","href":"https:\/\/api.w.org\/{rel}","templated":true}]}}