{"id":200403,"date":"2022-06-17T16:48:13","date_gmt":"2022-06-17T19:48:13","guid":{"rendered":"https:\/\/diarioregionaldigital.com.br\/?p=200403"},"modified":"2022-06-17T16:48:13","modified_gmt":"2022-06-17T19:48:13","slug":"produtores-apostam-no-cultivo-de-feijao-para-a-alimentacao-escolar","status":"publish","type":"post","link":"https:\/\/diarioregionaldigital.com.br\/?p=200403","title":{"rendered":"Produtores apostam no cultivo de feij\u00e3o para a alimenta\u00e7\u00e3o escolar"},"content":{"rendered":"<p>A comercializa\u00e7\u00e3o da safra, muitas vezes, \u00e9 o maior desafio do produtor rural. Em Jequitib\u00e1, munic\u00edpio que fica a 100 quil\u00f4metros de Belo Horizonte, muitos produtores viram nas vendas para o Programa Nacional de Alimenta\u00e7\u00e3o Escolar (PNAE) uma oportunidade certa de comercializa\u00e7\u00e3o da produ\u00e7\u00e3o a pre\u00e7o justo. Em 2022, 18 agricultores familiares do munic\u00edpio v\u00e3o fornecer 50 toneladas de feij\u00e3o carioca (tipo 1) para a alimenta\u00e7\u00e3o escolar de alunos da rede p\u00fablica.<\/p>\n<p>O PNAE \u00e9 um programa do governo federal que garante que 30% dos recursos para a merenda escolar sejam destinados \u00e0 compra de g\u00eaneros aliment\u00edcios produzidos pela agricultura familiar. Em Jequitib\u00e1, o trabalho conta com o apoio da\u00a0<a href=\"https:\/\/www.emater.mg.gov.br\/\">Empresa de Assist\u00eancia T\u00e9cnica e Extens\u00e3o Rural do Estado de Minas Gerais (Emater-MG)<\/a>\u00a0e se d\u00e1 por meio da Cooperativa dos Agricultores Familiares de Jequitib\u00e1 e Regi\u00e3o\u00a0(Cooperaje),\u00a0que atualmente tem 68 cooperados, que cultivam alimentos variados.<\/p>\n<p><strong>For\u00e7a da uni\u00e3o\u00a0<\/strong><\/p>\n<p>\u201cAntes a gente n\u00e3o tinha incentivo para plantar feij\u00e3o, pois os pre\u00e7os recebidos eram baixos. Mas com a ajuda da Emater-MG, os produtores se uniram e formaram a cooperativa. Agora com as vendas para o PNAE, temos um pre\u00e7o fixo e rent\u00e1vel, o que motiva os agricultores a plantarem\u201d, comenta o presidente da Cooperaje, Ricardo Falc\u00e3o. De acordo com a extensionista local da Emater-MG, Marilene Figueiredo, os profissionais da empresa exercem importante papel na assist\u00eancia t\u00e9cnica \u00e0 cooperativa, desde a sua cria\u00e7\u00e3o em agosto de 2013.<\/p>\n<p>O incentivo ao cooperativismo tem como proposta o fortalecimento da agricultura familiar em rela\u00e7\u00e3o \u00e0s condi\u00e7\u00f5es do mercado. Juntos, os pequenos produtores ganham mais poder de barganha nas vendas e na compra de insumos. \u201cH\u00e1 uns tempos atr\u00e1s, a gente n\u00e3o tinha para quem vender o feij\u00e3o, porque nos mercados precisa ter uma grande quantidade de gr\u00e3os. Com o surgimento da cooperativa e as vendas para o PNAE, melhorou muito para a gente.\u00a0Podemos plantar sossegados, pois j\u00e1 sabemos para onde ir\u00e1 a produ\u00e7\u00e3o. E ainda os nossos filhos v\u00e3o comer na escola um alimento de boa qualidade\u201d, argumenta o agricultor Matuzal\u00e9m Soares.<\/p>\n<p><strong>Feij\u00e3o ao gosto do consumidor\u00a0<\/strong><\/p>\n<p>O coordenador t\u00e9cnico regional de Culturas da Emater-MG, Walfrido Albernaz, comenta que, no in\u00edcio, os agricultores locais precisavam\u00a0de informa\u00e7\u00f5es sobre qual a melhor variedade para conquistar os consumidores e como ter uma lavoura de baixo custo de produ\u00e7\u00e3o. \u201cFizemos ent\u00e3o uma parceria com a Embrapa para buscar cultivares que eram adequadas ao consumidor da regi\u00e3o. Realizamos ainda dias de campo com orienta\u00e7\u00f5es sobre o cultivo das variedades recomendadas\u201d, lembra Walfrido.<\/p>\n<p>A cooperativa faz a compra das sementes indicadas e repassa aos produtores por um pre\u00e7o inferior ao de mercado.\u00a0Este ano, a estimativa de produ\u00e7\u00e3o do grupo (18 agricultores) \u00e9 de 80 toneladas de feij\u00e3o. At\u00e9 o in\u00edcio de junho, a Cooperaje j\u00e1 tinha contrato assinado de venda de 50 toneladas para as prefeituras de Jequitib\u00e1, Matozinhos e Sete Lagoas, al\u00e9m de escolas da rede estadual em Jequitib\u00e1, Sete Lagoas, Santana de Pirapama e Matozinhos.<\/p>\n<p>Segundo a extensionista da Emater-MG, a cooperativa recebe o feij\u00e3o dos produtores e \u00e9 respons\u00e1vel pelo beneficiamento do gr\u00e3o (sele\u00e7\u00e3o, limpeza, empacotamento e classifica\u00e7\u00e3o do produto). \u201cO feij\u00e3o passa por todo esse processo e vai rotulado para as escolas em atendimento \u00e0 legisla\u00e7\u00e3o vigente no pa\u00eds. Ent\u00e3o \u00e9 um alimento plantado em pequenas \u00e1reas e por pequenos produtores. Eles se juntam e a cooperativa com sua for\u00e7a consegue colocar no mercado um produto de alta qualidade\u201d, salienta Marilene.<\/p>\n<p><span style=\"font-weight: 400;\">Fonte: Ag\u00eancia Minas <\/span><\/p>\n","protected":false},"excerpt":{"rendered":"<p>A comercializa\u00e7\u00e3o da safra, muitas vezes, \u00e9 o maior desafio do produtor rural. Em Jequitib\u00e1, munic\u00edpio que fica a 100 quil\u00f4metros de Belo Horizonte, muitos produtores viram nas vendas para o Programa Nacional de Alimenta\u00e7\u00e3o Escolar (PNAE) uma oportunidade certa de comercializa\u00e7\u00e3o da produ\u00e7\u00e3o a pre\u00e7o justo. Em 2022, 18 agricultores familiares do munic\u00edpio v\u00e3o [&hellip;]<\/p>\n","protected":false},"author":246,"featured_media":200404,"comment_status":"closed","ping_status":"closed","sticky":false,"template":"","format":"standard","meta":{"footnotes":""},"categories":[436,254,439],"tags":[],"class_list":["post-200403","post","type-post","status-publish","format-standard","has-post-thumbnail","hentry","category-destaque-da-semana","category-politica","category-ultima-hora"],"_links":{"self":[{"href":"https:\/\/diarioregionaldigital.com.br\/index.php?rest_route=\/wp\/v2\/posts\/200403","targetHints":{"allow":["GET"]}}],"collection":[{"href":"https:\/\/diarioregionaldigital.com.br\/index.php?rest_route=\/wp\/v2\/posts"}],"about":[{"href":"https:\/\/diarioregionaldigital.com.br\/index.php?rest_route=\/wp\/v2\/types\/post"}],"author":[{"embeddable":true,"href":"https:\/\/diarioregionaldigital.com.br\/index.php?rest_route=\/wp\/v2\/users\/246"}],"replies":[{"embeddable":true,"href":"https:\/\/diarioregionaldigital.com.br\/index.php?rest_route=%2Fwp%2Fv2%2Fcomments&post=200403"}],"version-history":[{"count":1,"href":"https:\/\/diarioregionaldigital.com.br\/index.php?rest_route=\/wp\/v2\/posts\/200403\/revisions"}],"predecessor-version":[{"id":200405,"href":"https:\/\/diarioregionaldigital.com.br\/index.php?rest_route=\/wp\/v2\/posts\/200403\/revisions\/200405"}],"wp:featuredmedia":[{"embeddable":true,"href":"https:\/\/diarioregionaldigital.com.br\/index.php?rest_route=\/wp\/v2\/media\/200404"}],"wp:attachment":[{"href":"https:\/\/diarioregionaldigital.com.br\/index.php?rest_route=%2Fwp%2Fv2%2Fmedia&parent=200403"}],"wp:term":[{"taxonomy":"category","embeddable":true,"href":"https:\/\/diarioregionaldigital.com.br\/index.php?rest_route=%2Fwp%2Fv2%2Fcategories&post=200403"},{"taxonomy":"post_tag","embeddable":true,"href":"https:\/\/diarioregionaldigital.com.br\/index.php?rest_route=%2Fwp%2Fv2%2Ftags&post=200403"}],"curies":[{"name":"wp","href":"https:\/\/api.w.org\/{rel}","templated":true}]}}