{"id":200396,"date":"2022-06-17T16:32:08","date_gmt":"2022-06-17T19:32:08","guid":{"rendered":"https:\/\/diarioregionaldigital.com.br\/?p=200396"},"modified":"2022-06-17T16:32:08","modified_gmt":"2022-06-17T19:32:08","slug":"comercio-paulista-cria-mais-de-10-mil-vagas-de-emprego-em-abril","status":"publish","type":"post","link":"https:\/\/diarioregionaldigital.com.br\/?p=200396","title":{"rendered":"Com\u00e9rcio paulista cria mais de 10 mil vagas de emprego em abril"},"content":{"rendered":"<p>O com\u00e9rcio paulista gerou 10.371 vagas com carteira assinada em abril, depois de 2,6 mil postos de trabalho fechados em mar\u00e7o, de acordo com dados da Pesquisa de Emprego no Estado de S\u00e3o Paulo (Pesp), da Federa\u00e7\u00e3o do Com\u00e9rcio de Bens, Servi\u00e7os e Turismo do Estado de S\u00e3o Paulo (FecomercioSP).<img decoding=\"async\" src=\"https:\/\/agenciabrasil.ebc.com.br\/ebc.png?id=1465897&amp;o=node\" \/><img decoding=\"async\" src=\"https:\/\/agenciabrasil.ebc.com.br\/ebc.gif?id=1465897&amp;o=node\" \/><\/p>\n<p>\u201c\u00c9 importante ressaltar que, em abril do ano passado, o estado enfrentava a fase mais restritiva ao funcionamento e \u00e0 ocupa\u00e7\u00e3o dos estabelecimentos considerados n\u00e3o essenciais\u201d, diz a Fecom\u00e9rcioSP.<\/p>\n<p>O varejo foi o setor que mais se destacou em abril, com a cria\u00e7\u00e3o de 6.345 empregos, influenciada pelo segmento de ferragens, madeira e materiais de constru\u00e7\u00e3o, com a forma\u00e7\u00e3o de 860 vagas.<\/p>\n<p>O com\u00e9rcio por atacado gerou 2.647 vagas de emprego, gra\u00e7as, principalmente, ao segmento de produtos aliment\u00edcios em geral, respons\u00e1vel pela cria\u00e7\u00e3o de 365 postos.<\/p>\n<p>O com\u00e9rcio e repara\u00e7\u00e3o de ve\u00edculos registrou o desenvolvimento de 1.379 vagas, com destaque para a atividade varejista de pe\u00e7as e acess\u00f3rios novos para ve\u00edculos (325).<\/p>\n<p>A pesquisa mostra ainda que, nos primeiros quatro meses do ano, o balan\u00e7o \u00e9 negativo, com o fechamento de 11.337 postos de trabalho. O varejo, que perdeu 24.698 empregos, foi o principal respons\u00e1vel pelo resultado no per\u00edodo.<\/p>\n<p>As principais influ\u00eancias observadas foram os resultados dos hipermercados e supermercados (-15.037) e do ramo de vestu\u00e1rio e acess\u00f3rios (-7.066). J\u00e1 o atacado apresentou saldo positivo de 8.984 vagas, enquanto o setor de com\u00e9rcio e repara\u00e7\u00e3o de ve\u00edculos gerou outras 4.377 vagas.<\/p>\n<p>Nos servi\u00e7os houve cria\u00e7\u00e3o de 27.938 empregos em todo o estado de S\u00e3o Paulo, um crescimento de quase 200% em rela\u00e7\u00e3o ao mesmo per\u00edodo do ano passado, quando se apontou gera\u00e7\u00e3o de 9.725 vagas.<\/p>\n<p>Com o resultado de abril, o estoque chegou a quase 6,692 milh\u00f5es de v\u00ednculos empregat\u00edcios. Das 14 divis\u00f5es que formam o setor, 12 demonstraram avan\u00e7o na empregabilidade: os servi\u00e7os de transporte, armazenagem e correios, com 8.679 novos postos de trabalho, e o de alojamento e alimenta\u00e7\u00e3o, com 7.186 empregos, foram os que mais geraram vagas.<\/p>\n<h2>Capital paulista<\/h2>\n<p>Segundo a FecomercioSP, na cidade de S\u00e3o Paulo, o com\u00e9rcio gerou 4.182 empregos com carteira assinada, com destaque para o varejo, que criou 2.779 postos de trabalho, puxado por vestu\u00e1rio e acess\u00f3rios (436). No ano, o setor perdeu 932 vagas, em raz\u00e3o da divis\u00e3o varejista (-5.583), especialmente dos hipermercados e supermercados (-4.839).<\/p>\n<p>J\u00e1 nos servi\u00e7os, foram criadas 5.579 vagas, com o melhor resultado no grupo de alojamento e alimenta\u00e7\u00e3o (3.300), puxado pelos restaurantes e bares (2.493), enquanto o pior foi observado nos servi\u00e7os administrativos e complementares, que perderam 7.313 postos de trabalho, com aten\u00e7\u00e3o especial ao segmento de servi\u00e7os de sele\u00e7\u00e3o, agenciamento e loca\u00e7\u00e3o de m\u00e3o de obra (-4.230 vagas). No ano, foram 51.100 postos, com lideran\u00e7a dos servi\u00e7os educacionais (14.456).<\/p>\n<p><span style=\"font-weight: 400;\">Fonte: Ag\u00eancia Brasil <\/span><\/p>\n","protected":false},"excerpt":{"rendered":"<p>O com\u00e9rcio paulista gerou 10.371 vagas com carteira assinada em abril, depois de 2,6 mil postos de trabalho fechados em mar\u00e7o, de acordo com dados da Pesquisa de Emprego no Estado de S\u00e3o Paulo (Pesp), da Federa\u00e7\u00e3o do Com\u00e9rcio de Bens, Servi\u00e7os e Turismo do Estado de S\u00e3o Paulo (FecomercioSP). \u201c\u00c9 importante ressaltar que, em [&hellip;]<\/p>\n","protected":false},"author":246,"featured_media":200397,"comment_status":"closed","ping_status":"closed","sticky":false,"template":"","format":"standard","meta":{"footnotes":""},"categories":[436,261,439],"tags":[],"class_list":["post-200396","post","type-post","status-publish","format-standard","has-post-thumbnail","hentry","category-destaque-da-semana","category-economia","category-ultima-hora"],"_links":{"self":[{"href":"https:\/\/diarioregionaldigital.com.br\/index.php?rest_route=\/wp\/v2\/posts\/200396","targetHints":{"allow":["GET"]}}],"collection":[{"href":"https:\/\/diarioregionaldigital.com.br\/index.php?rest_route=\/wp\/v2\/posts"}],"about":[{"href":"https:\/\/diarioregionaldigital.com.br\/index.php?rest_route=\/wp\/v2\/types\/post"}],"author":[{"embeddable":true,"href":"https:\/\/diarioregionaldigital.com.br\/index.php?rest_route=\/wp\/v2\/users\/246"}],"replies":[{"embeddable":true,"href":"https:\/\/diarioregionaldigital.com.br\/index.php?rest_route=%2Fwp%2Fv2%2Fcomments&post=200396"}],"version-history":[{"count":2,"href":"https:\/\/diarioregionaldigital.com.br\/index.php?rest_route=\/wp\/v2\/posts\/200396\/revisions"}],"predecessor-version":[{"id":200399,"href":"https:\/\/diarioregionaldigital.com.br\/index.php?rest_route=\/wp\/v2\/posts\/200396\/revisions\/200399"}],"wp:featuredmedia":[{"embeddable":true,"href":"https:\/\/diarioregionaldigital.com.br\/index.php?rest_route=\/wp\/v2\/media\/200397"}],"wp:attachment":[{"href":"https:\/\/diarioregionaldigital.com.br\/index.php?rest_route=%2Fwp%2Fv2%2Fmedia&parent=200396"}],"wp:term":[{"taxonomy":"category","embeddable":true,"href":"https:\/\/diarioregionaldigital.com.br\/index.php?rest_route=%2Fwp%2Fv2%2Fcategories&post=200396"},{"taxonomy":"post_tag","embeddable":true,"href":"https:\/\/diarioregionaldigital.com.br\/index.php?rest_route=%2Fwp%2Fv2%2Ftags&post=200396"}],"curies":[{"name":"wp","href":"https:\/\/api.w.org\/{rel}","templated":true}]}}