{"id":200392,"date":"2022-06-17T16:30:49","date_gmt":"2022-06-17T19:30:49","guid":{"rendered":"https:\/\/diarioregionaldigital.com.br\/?p=200392"},"modified":"2022-06-17T16:30:49","modified_gmt":"2022-06-17T19:30:49","slug":"caixa-comeca-a-pagar-parcela-de-junho-do-auxilio-brasil","status":"publish","type":"post","link":"https:\/\/diarioregionaldigital.com.br\/?p=200392","title":{"rendered":"Caixa come\u00e7a a pagar parcela de junho do Aux\u00edlio Brasil"},"content":{"rendered":"<p>A Caixa come\u00e7a a pagar hoje (17) a parcela de junho do Aux\u00edlio Brasil. Hoje recebem os benefici\u00e1rios com N\u00famero de Inscri\u00e7\u00e3o Social (NIS) com final 1. O valor m\u00ednimo do benef\u00edcio \u00e9 de R$ 400. As datas seguem o modelo do Bolsa Fam\u00edlia, que pagava os benefici\u00e1rios nos dez \u00faltimos dias \u00fateis do m\u00eas.<img decoding=\"async\" src=\"https:\/\/agenciabrasil.ebc.com.br\/ebc.png?id=1465957&amp;o=node\" \/><img decoding=\"async\" src=\"https:\/\/agenciabrasil.ebc.com.br\/ebc.gif?id=1465957&amp;o=node\" \/><\/p>\n<p>O Aux\u00edlio Brasil \u00e9 coordenado pelo Minist\u00e9rio da Cidadania, respons\u00e1vel por gerenciar os benef\u00edcios do programa e o envio dos recursos para pagamento.<\/p>\n<p>O benefici\u00e1rio poder\u00e1 consultar informa\u00e7\u00f5es sobre as datas de pagamento, o valor do benef\u00edcio e a composi\u00e7\u00e3o das parcelas em dois aplicativos: Aux\u00edlio Brasil, desenvolvido para o programa social, e o aplicativo Caixa Tem, usado para acompanhar as contas poupan\u00e7a digitais do banco.<\/p>\n<p>Atualmente, 17,5 milh\u00f5es de fam\u00edlias s\u00e3o atendidas pelo programa. No in\u00edcio do ano, 3 milh\u00f5es de fam\u00edlias foram inclu\u00eddas no Aux\u00edlio Brasil.<\/p>\n<h2>Aux\u00edlio G\u00e1s<\/h2>\n<p>O Aux\u00edlio G\u00e1s tamb\u00e9m \u00e9 pago hoje \u00e0s fam\u00edlias cadastradas no Cadastro \u00danico para Programas Sociais do Governo Federal (Cad\u00danico), com NIS final 1. Com valor de R$ 53 em junho, o benef\u00edcio segue o calend\u00e1rio regular de pagamentos do Aux\u00edlio Brasil.<\/p>\n<p>Com dura\u00e7\u00e3o prevista de cinco anos, o programa beneficiar\u00e1 5,5 milh\u00f5es de fam\u00edlias, at\u00e9 o fim de 2026, com o pagamento de 50% do pre\u00e7o m\u00e9dio do botij\u00e3o de 13 quilos, conforme valor calculado pela Ag\u00eancia Nacional do Petr\u00f3leo (ANP) nos \u00faltimos seis meses. Pago a cada dois meses, o Aux\u00edlio G\u00e1s tem or\u00e7amento de R$ 1,9 bilh\u00e3o para este ano.<\/p>\n<p>S\u00f3 pode fazer parte do programa quem est\u00e1 inclu\u00eddo no Cad\u00danico e tenha pelo menos um membro da fam\u00edlia que receba o Benef\u00edcio de Presta\u00e7\u00e3o Continuada (BPC).<\/p>\n<p>A lei que criou o programa definiu que a mulher respons\u00e1vel pela fam\u00edlia ter\u00e1 prefer\u00eancia, assim como mulheres v\u00edtimas de viol\u00eancia dom\u00e9stica.<\/p>\n<h2>Benef\u00edcios b\u00e1sicos<\/h2>\n<p>O Aux\u00edlio Brasil tem tr\u00eas benef\u00edcios b\u00e1sicos e seis suplementares, que podem ser adicionados caso o benefici\u00e1rio consiga um emprego ou tenha um filho que se destaque em competi\u00e7\u00f5es esportivas ou em competi\u00e7\u00f5es cient\u00edficas e acad\u00eamicas.<\/p>\n<p>Podem receber o benef\u00edcio as fam\u00edlias com renda per capita de at\u00e9 R$ 100, consideradas em situa\u00e7\u00e3o de extrema pobreza, e aquelas com renda per capita de at\u00e9 R$ 200, consideradas em condi\u00e7\u00e3o de pobreza.<\/p>\n<p>A Ag\u00eancia Brasil elaborou um guia de<a href=\"http:\/\/agenciabrasil.ebc.com.br\/economia\/noticia\/2021-11\/agencia-brasil-explica-como-vai-funcionar-o-auxilio-brasil\" target=\"_blank\" rel=\"noopener\">\u00a0perguntas e respostas<\/a>\u00a0sobre o Aux\u00edlio Brasil. Entre as d\u00favidas que o benefici\u00e1rio pode tirar est\u00e3o os crit\u00e9rios para integrar o programa social e o detalhamento dos nove tipos diferentes de benef\u00edcios.<\/p>\n<p><span style=\"font-weight: 400;\">Fonte: Ag\u00eancia Brasil <\/span><\/p>\n","protected":false},"excerpt":{"rendered":"<p>A Caixa come\u00e7a a pagar hoje (17) a parcela de junho do Aux\u00edlio Brasil. Hoje recebem os benefici\u00e1rios com N\u00famero de Inscri\u00e7\u00e3o Social (NIS) com final 1. O valor m\u00ednimo do benef\u00edcio \u00e9 de R$ 400. As datas seguem o modelo do Bolsa Fam\u00edlia, que pagava os benefici\u00e1rios nos dez \u00faltimos dias \u00fateis do m\u00eas. [&hellip;]<\/p>\n","protected":false},"author":246,"featured_media":200393,"comment_status":"closed","ping_status":"closed","sticky":false,"template":"","format":"standard","meta":{"footnotes":""},"categories":[436,261,439],"tags":[],"class_list":["post-200392","post","type-post","status-publish","format-standard","has-post-thumbnail","hentry","category-destaque-da-semana","category-economia","category-ultima-hora"],"_links":{"self":[{"href":"https:\/\/diarioregionaldigital.com.br\/index.php?rest_route=\/wp\/v2\/posts\/200392","targetHints":{"allow":["GET"]}}],"collection":[{"href":"https:\/\/diarioregionaldigital.com.br\/index.php?rest_route=\/wp\/v2\/posts"}],"about":[{"href":"https:\/\/diarioregionaldigital.com.br\/index.php?rest_route=\/wp\/v2\/types\/post"}],"author":[{"embeddable":true,"href":"https:\/\/diarioregionaldigital.com.br\/index.php?rest_route=\/wp\/v2\/users\/246"}],"replies":[{"embeddable":true,"href":"https:\/\/diarioregionaldigital.com.br\/index.php?rest_route=%2Fwp%2Fv2%2Fcomments&post=200392"}],"version-history":[{"count":2,"href":"https:\/\/diarioregionaldigital.com.br\/index.php?rest_route=\/wp\/v2\/posts\/200392\/revisions"}],"predecessor-version":[{"id":200395,"href":"https:\/\/diarioregionaldigital.com.br\/index.php?rest_route=\/wp\/v2\/posts\/200392\/revisions\/200395"}],"wp:featuredmedia":[{"embeddable":true,"href":"https:\/\/diarioregionaldigital.com.br\/index.php?rest_route=\/wp\/v2\/media\/200393"}],"wp:attachment":[{"href":"https:\/\/diarioregionaldigital.com.br\/index.php?rest_route=%2Fwp%2Fv2%2Fmedia&parent=200392"}],"wp:term":[{"taxonomy":"category","embeddable":true,"href":"https:\/\/diarioregionaldigital.com.br\/index.php?rest_route=%2Fwp%2Fv2%2Fcategories&post=200392"},{"taxonomy":"post_tag","embeddable":true,"href":"https:\/\/diarioregionaldigital.com.br\/index.php?rest_route=%2Fwp%2Fv2%2Ftags&post=200392"}],"curies":[{"name":"wp","href":"https:\/\/api.w.org\/{rel}","templated":true}]}}