{"id":200388,"date":"2022-06-17T16:29:09","date_gmt":"2022-06-17T19:29:09","guid":{"rendered":"https:\/\/diarioregionaldigital.com.br\/?p=200388"},"modified":"2022-06-17T16:29:09","modified_gmt":"2022-06-17T19:29:09","slug":"holanda-anuncia-compra-de-cinco-avioes-cargueiros-da-embraer","status":"publish","type":"post","link":"https:\/\/diarioregionaldigital.com.br\/?p=200388","title":{"rendered":"Holanda anuncia compra de cinco avi\u00f5es cargueiros da Embraer"},"content":{"rendered":"<p>O Minist\u00e9rio da Defesa da Holanda confirmou hoje (16) que vai comprar cinco avi\u00f5es cargueiros C-390M, fabricados pela Embraer. De acordo com o governo holand\u00eas, a primeira aeronave deve ser entregue em 2026.<img decoding=\"async\" src=\"https:\/\/agenciabrasil.ebc.com.br\/ebc.png?id=1466207&amp;o=node\" \/><img decoding=\"async\" src=\"https:\/\/agenciabrasil.ebc.com.br\/ebc.gif?id=1466207&amp;o=node\" \/><\/p>\n<p>O pa\u00eds \u00e9 um dos integrantes da Organiza\u00e7\u00e3o do Tratado do Atl\u00e2ntico Norte (Otan). O custo da compra \u00e9 estima de 1 bilh\u00e3o de euros.<\/p>\n<p>Segundo comunicado do \u00f3rg\u00e3o, o avi\u00e3o da Embraer foi escolhido por apresentar vantagens operacionais e t\u00e9cnicas em rela\u00e7\u00e3o \u00e0 aeronave C-130J da Lockheed Martin, outro modelo usado com frequ\u00eancia por for\u00e7as militares de diversos pa\u00edses.<\/p>\n<p>Em nota, a Embraer comemorou o an\u00fancio do governo holand\u00eas e declarou que est\u00e1 honrada com a decis\u00e3o.<\/p>\n<p>&#8220;Reconhecendo que ainda h\u00e1 muito trabalho a ser feito nos pr\u00f3ximos meses, estamos comprometidos com o sucesso desta nova fase de coopera\u00e7\u00e3o com o Minist\u00e9rio da Defesa da Holanda&#8221;, afirmou a empresa.<\/p>\n<p><span style=\"font-weight: 400;\">Fonte: Ag\u00eancia Brasil <\/span><\/p>\n","protected":false},"excerpt":{"rendered":"<p>O Minist\u00e9rio da Defesa da Holanda confirmou hoje (16) que vai comprar cinco avi\u00f5es cargueiros C-390M, fabricados pela Embraer. De acordo com o governo holand\u00eas, a primeira aeronave deve ser entregue em 2026. O pa\u00eds \u00e9 um dos integrantes da Organiza\u00e7\u00e3o do Tratado do Atl\u00e2ntico Norte (Otan). O custo da compra \u00e9 estima de 1 [&hellip;]<\/p>\n","protected":false},"author":246,"featured_media":200389,"comment_status":"closed","ping_status":"closed","sticky":false,"template":"","format":"standard","meta":{"footnotes":""},"categories":[436,261,439],"tags":[],"class_list":["post-200388","post","type-post","status-publish","format-standard","has-post-thumbnail","hentry","category-destaque-da-semana","category-economia","category-ultima-hora"],"_links":{"self":[{"href":"https:\/\/diarioregionaldigital.com.br\/index.php?rest_route=\/wp\/v2\/posts\/200388","targetHints":{"allow":["GET"]}}],"collection":[{"href":"https:\/\/diarioregionaldigital.com.br\/index.php?rest_route=\/wp\/v2\/posts"}],"about":[{"href":"https:\/\/diarioregionaldigital.com.br\/index.php?rest_route=\/wp\/v2\/types\/post"}],"author":[{"embeddable":true,"href":"https:\/\/diarioregionaldigital.com.br\/index.php?rest_route=\/wp\/v2\/users\/246"}],"replies":[{"embeddable":true,"href":"https:\/\/diarioregionaldigital.com.br\/index.php?rest_route=%2Fwp%2Fv2%2Fcomments&post=200388"}],"version-history":[{"count":2,"href":"https:\/\/diarioregionaldigital.com.br\/index.php?rest_route=\/wp\/v2\/posts\/200388\/revisions"}],"predecessor-version":[{"id":200391,"href":"https:\/\/diarioregionaldigital.com.br\/index.php?rest_route=\/wp\/v2\/posts\/200388\/revisions\/200391"}],"wp:featuredmedia":[{"embeddable":true,"href":"https:\/\/diarioregionaldigital.com.br\/index.php?rest_route=\/wp\/v2\/media\/200389"}],"wp:attachment":[{"href":"https:\/\/diarioregionaldigital.com.br\/index.php?rest_route=%2Fwp%2Fv2%2Fmedia&parent=200388"}],"wp:term":[{"taxonomy":"category","embeddable":true,"href":"https:\/\/diarioregionaldigital.com.br\/index.php?rest_route=%2Fwp%2Fv2%2Fcategories&post=200388"},{"taxonomy":"post_tag","embeddable":true,"href":"https:\/\/diarioregionaldigital.com.br\/index.php?rest_route=%2Fwp%2Fv2%2Ftags&post=200388"}],"curies":[{"name":"wp","href":"https:\/\/api.w.org\/{rel}","templated":true}]}}