{"id":200381,"date":"2022-06-17T16:20:23","date_gmt":"2022-06-17T19:20:23","guid":{"rendered":"https:\/\/diarioregionaldigital.com.br\/?p=200381"},"modified":"2022-06-17T16:20:23","modified_gmt":"2022-06-17T19:20:23","slug":"policia-militar-atende-vitima-de-homicidio-tentado-no-bairro-benfica","status":"publish","type":"post","link":"https:\/\/diarioregionaldigital.com.br\/?p=200381","title":{"rendered":"Pol\u00edcia Militar atende v\u00edtima de homic\u00eddio tentado no bairro Benfica"},"content":{"rendered":"<p>No final da tarde de quinta-feira, 16jun22 por volta das 16h41min, a Pol\u00edcia Militar compareceu na UPA Norte para contato com um homem de 18 anos, v\u00edtima de tentativa de homic\u00eddio acontecido na Rua Jo\u00e3o Louren\u00e7o Marcelino no bairro Benfica. Em contato com a v\u00edtima, narrou que estava na rua soltando pipa quando populares come\u00e7aram a gritar para que ele corresse que dois suspeitos, um deles armado com arma de fogo iria atirar nela. Apesar da tentativa de fuga, a v\u00edtima foi atingida por tr\u00eas disparos nas costas do lado esquerdo, vindo a ser socorrida por populares at\u00e9 o hospital. Segundo informa\u00e7\u00f5es a prov\u00e1vel motiva\u00e7\u00e3o seria briga de gangues entre os bairros Vila Esperan\u00e7a I e II. A v\u00edtima foi encaminhada para o HPS para procedimento cir\u00fargico. A PM segue rastreamento para pris\u00e3o dos envolvidos, um autor de 25 anos e um adolescente infrator de 16 anos, j\u00e1 identificados.<\/p>\n","protected":false},"excerpt":{"rendered":"<p>No final da tarde de quinta-feira, 16jun22 por volta das 16h41min, a Pol\u00edcia Militar compareceu na UPA Norte para contato com um homem de 18 anos, v\u00edtima de tentativa de homic\u00eddio acontecido na Rua Jo\u00e3o Louren\u00e7o Marcelino no bairro Benfica. Em contato com a v\u00edtima, narrou que estava na rua soltando pipa quando populares come\u00e7aram [&hellip;]<\/p>\n","protected":false},"author":246,"featured_media":200382,"comment_status":"closed","ping_status":"closed","sticky":false,"template":"","format":"standard","meta":{"footnotes":""},"categories":[301,439],"tags":[],"class_list":["post-200381","post","type-post","status-publish","format-standard","has-post-thumbnail","hentry","category-artigos-policiais","category-ultima-hora"],"_links":{"self":[{"href":"https:\/\/diarioregionaldigital.com.br\/index.php?rest_route=\/wp\/v2\/posts\/200381","targetHints":{"allow":["GET"]}}],"collection":[{"href":"https:\/\/diarioregionaldigital.com.br\/index.php?rest_route=\/wp\/v2\/posts"}],"about":[{"href":"https:\/\/diarioregionaldigital.com.br\/index.php?rest_route=\/wp\/v2\/types\/post"}],"author":[{"embeddable":true,"href":"https:\/\/diarioregionaldigital.com.br\/index.php?rest_route=\/wp\/v2\/users\/246"}],"replies":[{"embeddable":true,"href":"https:\/\/diarioregionaldigital.com.br\/index.php?rest_route=%2Fwp%2Fv2%2Fcomments&post=200381"}],"version-history":[{"count":2,"href":"https:\/\/diarioregionaldigital.com.br\/index.php?rest_route=\/wp\/v2\/posts\/200381\/revisions"}],"predecessor-version":[{"id":200384,"href":"https:\/\/diarioregionaldigital.com.br\/index.php?rest_route=\/wp\/v2\/posts\/200381\/revisions\/200384"}],"wp:featuredmedia":[{"embeddable":true,"href":"https:\/\/diarioregionaldigital.com.br\/index.php?rest_route=\/wp\/v2\/media\/200382"}],"wp:attachment":[{"href":"https:\/\/diarioregionaldigital.com.br\/index.php?rest_route=%2Fwp%2Fv2%2Fmedia&parent=200381"}],"wp:term":[{"taxonomy":"category","embeddable":true,"href":"https:\/\/diarioregionaldigital.com.br\/index.php?rest_route=%2Fwp%2Fv2%2Fcategories&post=200381"},{"taxonomy":"post_tag","embeddable":true,"href":"https:\/\/diarioregionaldigital.com.br\/index.php?rest_route=%2Fwp%2Fv2%2Ftags&post=200381"}],"curies":[{"name":"wp","href":"https:\/\/api.w.org\/{rel}","templated":true}]}}