{"id":200379,"date":"2022-06-17T16:17:24","date_gmt":"2022-06-17T19:17:24","guid":{"rendered":"https:\/\/diarioregionaldigital.com.br\/?p=200379"},"modified":"2022-06-17T16:17:24","modified_gmt":"2022-06-17T19:17:24","slug":"policia-militar-prende-autor-e-apreende-materiais-relacionados-ao-trafico-no-bairro-monte-castelo","status":"publish","type":"post","link":"https:\/\/diarioregionaldigital.com.br\/?p=200379","title":{"rendered":"Pol\u00edcia Militar prende autor e apreende materiais relacionados ao tr\u00e1fico no bairro Monte Castelo"},"content":{"rendered":"<p>No dia 15jun22 por volta das 15h18min, a Pol\u00edcia Militar compareceu na Rua Baturit\u00e9 no bairro Monte Castelo para verifica\u00e7\u00e3o de den\u00fancia referente ao tr\u00e1fico de drogas. No local, pr\u00f3ximo a uma escada um suspeito foi abordado, realizadas as buscas com ele foram apreendidos 03 aparelhos celulares e R$ 84,00. Durante a varredura na escada uma sacola contendo 110 pinos de coca\u00edna foi apreendida. O autor de 20 anos foi preso.<\/p>\n","protected":false},"excerpt":{"rendered":"<p>No dia 15jun22 por volta das 15h18min, a Pol\u00edcia Militar compareceu na Rua Baturit\u00e9 no bairro Monte Castelo para verifica\u00e7\u00e3o de den\u00fancia referente ao tr\u00e1fico de drogas. No local, pr\u00f3ximo a uma escada um suspeito foi abordado, realizadas as buscas com ele foram apreendidos 03 aparelhos celulares e R$ 84,00. Durante a varredura na escada [&hellip;]<\/p>\n","protected":false},"author":246,"featured_media":200377,"comment_status":"closed","ping_status":"closed","sticky":false,"template":"","format":"standard","meta":{"footnotes":""},"categories":[301,439],"tags":[],"class_list":["post-200379","post","type-post","status-publish","format-standard","has-post-thumbnail","hentry","category-artigos-policiais","category-ultima-hora"],"_links":{"self":[{"href":"https:\/\/diarioregionaldigital.com.br\/index.php?rest_route=\/wp\/v2\/posts\/200379","targetHints":{"allow":["GET"]}}],"collection":[{"href":"https:\/\/diarioregionaldigital.com.br\/index.php?rest_route=\/wp\/v2\/posts"}],"about":[{"href":"https:\/\/diarioregionaldigital.com.br\/index.php?rest_route=\/wp\/v2\/types\/post"}],"author":[{"embeddable":true,"href":"https:\/\/diarioregionaldigital.com.br\/index.php?rest_route=\/wp\/v2\/users\/246"}],"replies":[{"embeddable":true,"href":"https:\/\/diarioregionaldigital.com.br\/index.php?rest_route=%2Fwp%2Fv2%2Fcomments&post=200379"}],"version-history":[{"count":1,"href":"https:\/\/diarioregionaldigital.com.br\/index.php?rest_route=\/wp\/v2\/posts\/200379\/revisions"}],"predecessor-version":[{"id":200380,"href":"https:\/\/diarioregionaldigital.com.br\/index.php?rest_route=\/wp\/v2\/posts\/200379\/revisions\/200380"}],"wp:featuredmedia":[{"embeddable":true,"href":"https:\/\/diarioregionaldigital.com.br\/index.php?rest_route=\/wp\/v2\/media\/200377"}],"wp:attachment":[{"href":"https:\/\/diarioregionaldigital.com.br\/index.php?rest_route=%2Fwp%2Fv2%2Fmedia&parent=200379"}],"wp:term":[{"taxonomy":"category","embeddable":true,"href":"https:\/\/diarioregionaldigital.com.br\/index.php?rest_route=%2Fwp%2Fv2%2Fcategories&post=200379"},{"taxonomy":"post_tag","embeddable":true,"href":"https:\/\/diarioregionaldigital.com.br\/index.php?rest_route=%2Fwp%2Fv2%2Ftags&post=200379"}],"curies":[{"name":"wp","href":"https:\/\/api.w.org\/{rel}","templated":true}]}}