{"id":200363,"date":"2022-06-15T21:50:45","date_gmt":"2022-06-16T00:50:45","guid":{"rendered":"https:\/\/diarioregionaldigital.com.br\/?p=200363"},"modified":"2022-06-15T21:50:45","modified_gmt":"2022-06-16T00:50:45","slug":"rua-joaquim-tiburcio-alves-e-outras-18-vias-sao-atendidas-pela-operacao-tapa-buracos","status":"publish","type":"post","link":"https:\/\/diarioregionaldigital.com.br\/?p=200363","title":{"rendered":"Rua Joaquim Tib\u00farcio Alves e outras 18 vias s\u00e3o atendidas pela opera\u00e7\u00e3o tapa-buracos"},"content":{"rendered":"<p>Segundo informa\u00e7\u00f5es do site da Prefeitura de Juiz de Fora (PJF), nessa ter\u00e7a-feira, 14, a opera\u00e7\u00e3o tapa-buracos da Prefeitura de Juiz de Fora (PJF) esteve presente em 19 vias, de 10 bairros da cidade. Mais de 180 recomposi\u00e7\u00f5es foram realizadas nas ruas do munic\u00edpio, totalizando a aplica\u00e7\u00e3o de 90 toneladas de massa asf\u00e1ltica.<br \/>\nA Rua Joaquim Tib\u00farcio Alves, no bairro Vila Olavo Costa, foi uma das atendidas pelas equipes da Empresa Municipal de Pavimenta\u00e7\u00e3o e Urbanidades (Empav). Os trabalhos de recomposi\u00e7\u00e3o seguem em andamento na via e no bairro. Outro importante ponto da cidade onde a opera\u00e7\u00e3o tapa-buracos tamb\u00e9m segue a todo vapor \u00e9 o bairro Borboleta, com atendimentos previstos nesta quarta-feira, 15, para as ruas Ant\u00f4nio Fellet e Luiz Kelmer.<br \/>\nAl\u00e9m dos j\u00e1 citados anteriormente, equipes da Empav seguem com a manuten\u00e7\u00e3o asf\u00e1ltica nos bairros Progresso, Santa C\u00e2ndida, S\u00e3o Benedito, Nova Benfica, Benfica, Alto S\u00e3o Geraldo, Morada do Serro e Residencial S\u00e3o Luiz (Grama).<br \/>\nLembrando que a programa\u00e7\u00e3o di\u00e1ria das atividades realizadas pela Empav pode ser acompanhada atrav\u00e9s da p\u00e1gina do Gabinete de A\u00e7\u00e3o e Di\u00e1logo Comunit\u00e1rio, pelo<a href=\"https:\/\/www.pjf.mg.gov.br\/gabinetecomunitario\/#onde\">\u00a0link<\/a>.<br \/>\nTodas as a\u00e7\u00f5es de reestrutura\u00e7\u00e3o, urbaniza\u00e7\u00e3o e zeladoria realizadas pela Empav fazem parte do Programa Boniteza. Estes e outros servi\u00e7os podem ser solicitados atrav\u00e9s do Gabinete de A\u00e7\u00e3o e Di\u00e1logo Comunit\u00e1rio, que recebe e organiza pedidos relativos a interven\u00e7\u00f5es e melhorias urbanas. O contato pode ser feito por liga\u00e7\u00e3o telef\u00f4nica, pelo n\u00famero (32) 3690-7241 ou, ainda, via WhatsApp, utilizando o mesmo n\u00famero.<\/p>\n","protected":false},"excerpt":{"rendered":"<p>Segundo informa\u00e7\u00f5es do site da Prefeitura de Juiz de Fora (PJF), nessa ter\u00e7a-feira, 14, a opera\u00e7\u00e3o tapa-buracos da Prefeitura de Juiz de Fora (PJF) esteve presente em 19 vias, de 10 bairros da cidade. Mais de 180 recomposi\u00e7\u00f5es foram realizadas nas ruas do munic\u00edpio, totalizando a aplica\u00e7\u00e3o de 90 toneladas de massa asf\u00e1ltica. A Rua [&hellip;]<\/p>\n","protected":false},"author":246,"featured_media":200364,"comment_status":"closed","ping_status":"closed","sticky":false,"template":"","format":"standard","meta":{"footnotes":""},"categories":[253,436,439],"tags":[],"class_list":["post-200363","post","type-post","status-publish","format-standard","has-post-thumbnail","hentry","category-cidade","category-destaque-da-semana","category-ultima-hora"],"_links":{"self":[{"href":"https:\/\/diarioregionaldigital.com.br\/index.php?rest_route=\/wp\/v2\/posts\/200363","targetHints":{"allow":["GET"]}}],"collection":[{"href":"https:\/\/diarioregionaldigital.com.br\/index.php?rest_route=\/wp\/v2\/posts"}],"about":[{"href":"https:\/\/diarioregionaldigital.com.br\/index.php?rest_route=\/wp\/v2\/types\/post"}],"author":[{"embeddable":true,"href":"https:\/\/diarioregionaldigital.com.br\/index.php?rest_route=\/wp\/v2\/users\/246"}],"replies":[{"embeddable":true,"href":"https:\/\/diarioregionaldigital.com.br\/index.php?rest_route=%2Fwp%2Fv2%2Fcomments&post=200363"}],"version-history":[{"count":1,"href":"https:\/\/diarioregionaldigital.com.br\/index.php?rest_route=\/wp\/v2\/posts\/200363\/revisions"}],"predecessor-version":[{"id":200365,"href":"https:\/\/diarioregionaldigital.com.br\/index.php?rest_route=\/wp\/v2\/posts\/200363\/revisions\/200365"}],"wp:featuredmedia":[{"embeddable":true,"href":"https:\/\/diarioregionaldigital.com.br\/index.php?rest_route=\/wp\/v2\/media\/200364"}],"wp:attachment":[{"href":"https:\/\/diarioregionaldigital.com.br\/index.php?rest_route=%2Fwp%2Fv2%2Fmedia&parent=200363"}],"wp:term":[{"taxonomy":"category","embeddable":true,"href":"https:\/\/diarioregionaldigital.com.br\/index.php?rest_route=%2Fwp%2Fv2%2Fcategories&post=200363"},{"taxonomy":"post_tag","embeddable":true,"href":"https:\/\/diarioregionaldigital.com.br\/index.php?rest_route=%2Fwp%2Fv2%2Ftags&post=200363"}],"curies":[{"name":"wp","href":"https:\/\/api.w.org\/{rel}","templated":true}]}}