{"id":200351,"date":"2022-06-15T21:42:41","date_gmt":"2022-06-16T00:42:41","guid":{"rendered":"https:\/\/diarioregionaldigital.com.br\/?p=200351"},"modified":"2022-06-15T21:42:41","modified_gmt":"2022-06-16T00:42:41","slug":"prefeitura-de-juiz-de-fora-decreta-a-caducidade-do-contrato-com-o-consorcio-manchester","status":"publish","type":"post","link":"https:\/\/diarioregionaldigital.com.br\/?p=200351","title":{"rendered":"Prefeitura de Juiz de Fora decreta a caducidade do contrato com o Cons\u00f3rcio Manchester"},"content":{"rendered":"<p>Segundo informa\u00e7\u00f5es do site da Prefeitura de Juiz de Fora (PJF), a Prefeitura de Juiz de Fora (PJF) informa que o contrato de concess\u00e3o de servi\u00e7o de transporte p\u00fablico com o Cons\u00f3rcio Manchester teve a sua caducidade decretada na manh\u00e3 desta quarta-feira, 15, ap\u00f3s a assinatura do <a href=\"https:\/\/www.pjf.mg.gov.br\/e_atos\/e_atos_vis.php?id=95827\"><strong>decreto 15312\/2022<\/strong><\/a>. Essa decis\u00e3o encerra qualquer possibilidade de mudan\u00e7a dentro do processo administrativo.\u00a0 &#8220;Isso significa que n\u00f3s estamos rompendo o contrato com o Cons\u00f3rcio Manchester. Isso acontece porque recebi o relat\u00f3rio da comiss\u00e3o processante que indica h\u00e1 mais do que fortes raz\u00f5es para que a rescis\u00e3o ocorra.<\/p>\n<p>Em primeiro lugar, o Cons\u00f3rcio mant\u00e9m em circula\u00e7\u00e3o 25 ve\u00edculos com idade acima daquela que \u00e9 admiss\u00edvel no contrato. Al\u00e9m disso, observa-se uma deterioriza\u00e7\u00e3o, uma piora, impressionante dos servi\u00e7os da concession\u00e1ria. No ano passado, ela sofria uma m\u00e9dia de 1,5 notifica\u00e7\u00e3o por dia. No in\u00edcio desse ano, a m\u00e9dia subiu para 5,5 por dia. Agora, chegamos a uma m\u00e9dia maior do que sete notifica\u00e7\u00f5es di\u00e1rias. Est\u00e1 claro que o servi\u00e7o se degradou de uma maneira insuport\u00e1vel, como os usu\u00e1rios do servi\u00e7o de transporte podem constatar&#8221;, afirmou a prefeita Margarida Salom\u00e3o.<\/p>\n<p>O Cons\u00f3rcio Manchester, por contrato, deve continuar a\u00a0 prestar esse servi\u00e7o p\u00fablico essencial por 90 dias. Em caso de qualquer tipo de interrup\u00e7\u00e3o, em fun\u00e7\u00e3o do desacato por parte da Concession\u00e1ria dessa decis\u00e3o tamb\u00e9m decretada, a Prefeitura de Juiz de Fora pode requisitar, junto ao Cons\u00f3rcio Manchester, equipamentos e funcion\u00e1rios necess\u00e1rios para a realiza\u00e7\u00e3o do servi\u00e7o. Nesse per\u00edodo de 90 dias, ser\u00e1 realizado o processo legal para a contrata\u00e7\u00e3o da empresa sucessora da presta\u00e7\u00e3o do servi\u00e7o.<\/p>\n<p>&#8220;\u00c9 muito duro tomar essa decis\u00e3o, mas isso \u00e9 um imperativo \u00e9tico. N\u00e3o posso permitir que o servi\u00e7o piore, com preju\u00edzo claro para as pessoas, sem tomar nenhuma provid\u00eancia. T\u00e3o importante quanto isso \u00e9 o meu compromisso com os trabalhadores rodovi\u00e1rios, especialmente os da empresa Tusmil. Eles ter\u00e3o protegidos seus empregos e salvaguardados seus direitos trabalhistas&#8221;, finalizou a prefeita.<\/p>\n","protected":false},"excerpt":{"rendered":"<p>Segundo informa\u00e7\u00f5es do site da Prefeitura de Juiz de Fora (PJF), a Prefeitura de Juiz de Fora (PJF) informa que o contrato de concess\u00e3o de servi\u00e7o de transporte p\u00fablico com o Cons\u00f3rcio Manchester teve a sua caducidade decretada na manh\u00e3 desta quarta-feira, 15, ap\u00f3s a assinatura do decreto 15312\/2022. Essa decis\u00e3o encerra qualquer possibilidade de [&hellip;]<\/p>\n","protected":false},"author":246,"featured_media":200352,"comment_status":"closed","ping_status":"closed","sticky":false,"template":"","format":"standard","meta":{"footnotes":""},"categories":[253,436,440,439],"tags":[],"class_list":["post-200351","post","type-post","status-publish","format-standard","has-post-thumbnail","hentry","category-cidade","category-destaque-da-semana","category-destaques-do-dia","category-ultima-hora"],"_links":{"self":[{"href":"https:\/\/diarioregionaldigital.com.br\/index.php?rest_route=\/wp\/v2\/posts\/200351","targetHints":{"allow":["GET"]}}],"collection":[{"href":"https:\/\/diarioregionaldigital.com.br\/index.php?rest_route=\/wp\/v2\/posts"}],"about":[{"href":"https:\/\/diarioregionaldigital.com.br\/index.php?rest_route=\/wp\/v2\/types\/post"}],"author":[{"embeddable":true,"href":"https:\/\/diarioregionaldigital.com.br\/index.php?rest_route=\/wp\/v2\/users\/246"}],"replies":[{"embeddable":true,"href":"https:\/\/diarioregionaldigital.com.br\/index.php?rest_route=%2Fwp%2Fv2%2Fcomments&post=200351"}],"version-history":[{"count":2,"href":"https:\/\/diarioregionaldigital.com.br\/index.php?rest_route=\/wp\/v2\/posts\/200351\/revisions"}],"predecessor-version":[{"id":200354,"href":"https:\/\/diarioregionaldigital.com.br\/index.php?rest_route=\/wp\/v2\/posts\/200351\/revisions\/200354"}],"wp:featuredmedia":[{"embeddable":true,"href":"https:\/\/diarioregionaldigital.com.br\/index.php?rest_route=\/wp\/v2\/media\/200352"}],"wp:attachment":[{"href":"https:\/\/diarioregionaldigital.com.br\/index.php?rest_route=%2Fwp%2Fv2%2Fmedia&parent=200351"}],"wp:term":[{"taxonomy":"category","embeddable":true,"href":"https:\/\/diarioregionaldigital.com.br\/index.php?rest_route=%2Fwp%2Fv2%2Fcategories&post=200351"},{"taxonomy":"post_tag","embeddable":true,"href":"https:\/\/diarioregionaldigital.com.br\/index.php?rest_route=%2Fwp%2Fv2%2Ftags&post=200351"}],"curies":[{"name":"wp","href":"https:\/\/api.w.org\/{rel}","templated":true}]}}