{"id":200348,"date":"2022-06-15T21:35:48","date_gmt":"2022-06-16T00:35:48","guid":{"rendered":"https:\/\/diarioregionaldigital.com.br\/?p=200348"},"modified":"2022-06-15T21:35:48","modified_gmt":"2022-06-16T00:35:48","slug":"bodyboard-sergio-machado-e-3o-na-etapa-brasileira-do-circuito-mundial","status":"publish","type":"post","link":"https:\/\/diarioregionaldigital.com.br\/?p=200348","title":{"rendered":"Bodyboard: S\u00e9rgio Machado \u00e9 3\u00ba na etapa brasileira do circuito mundial"},"content":{"rendered":"<p>O brasileiro S\u00e9rgio Machado garantiu, nesta ter\u00e7a-feira (15), a terceira posi\u00e7\u00e3o do Itacoatiara Pro IBC World Contest, etapa brasileira do circuito mundial de bodyboard. O t\u00edtulo ficou com o chileno Alan Mu\u00f1oz, que bateu na decis\u00e3o o sul-africano Tristan Roberts.<img decoding=\"async\" src=\"https:\/\/agenciabrasil.ebc.com.br\/ebc.png?id=1465949&amp;o=node\" \/><img decoding=\"async\" src=\"https:\/\/agenciabrasil.ebc.com.br\/ebc.gif?id=1465949&amp;o=node\" \/><\/p>\n<p>Segundo Mu\u00f1oz, vencer em Itacoatiara teve um sabor especial: \u201cMuito feliz em vencer esta etapa do mundial aqui em Itacoatiara, uma das praias mais bonitas e com as melhores ondas do circuito\u201d.<\/p>\n<p>J\u00e1 S\u00e9rgio Machado destacou o fato de competir diante de seus familiares: \u201cDecidi fazer a inscri\u00e7\u00e3o somente no \u00faltimo dia e foi um grande presente chegar \u00e0s finais. Agrade\u00e7o \u00e0 minha fam\u00edlia, em especial \u00e0 minha companheira por me ajudar a chegar at\u00e9 aqui. Estou muito feliz, pois vou ser pai e foi uma ben\u00e7\u00e3o participar desse grande evento\u201d.<\/p>\n<p>Agora as aten\u00e7\u00f5es se voltam para as Ilhas Maldivas, a pr\u00f3xima parada do circuito mundial, no m\u00eas de julho.<\/p>\n<p><span style=\"font-weight: 400;\">Fonte: Ag\u00eancia Brasil <\/span><\/p>\n","protected":false},"excerpt":{"rendered":"<p>O brasileiro S\u00e9rgio Machado garantiu, nesta ter\u00e7a-feira (15), a terceira posi\u00e7\u00e3o do Itacoatiara Pro IBC World Contest, etapa brasileira do circuito mundial de bodyboard. O t\u00edtulo ficou com o chileno Alan Mu\u00f1oz, que bateu na decis\u00e3o o sul-africano Tristan Roberts. Segundo Mu\u00f1oz, vencer em Itacoatiara teve um sabor especial: \u201cMuito feliz em vencer esta etapa [&hellip;]<\/p>\n","protected":false},"author":246,"featured_media":200349,"comment_status":"closed","ping_status":"closed","sticky":false,"template":"","format":"standard","meta":{"footnotes":""},"categories":[436,257,439],"tags":[],"class_list":["post-200348","post","type-post","status-publish","format-standard","has-post-thumbnail","hentry","category-destaque-da-semana","category-esporte","category-ultima-hora"],"_links":{"self":[{"href":"https:\/\/diarioregionaldigital.com.br\/index.php?rest_route=\/wp\/v2\/posts\/200348","targetHints":{"allow":["GET"]}}],"collection":[{"href":"https:\/\/diarioregionaldigital.com.br\/index.php?rest_route=\/wp\/v2\/posts"}],"about":[{"href":"https:\/\/diarioregionaldigital.com.br\/index.php?rest_route=\/wp\/v2\/types\/post"}],"author":[{"embeddable":true,"href":"https:\/\/diarioregionaldigital.com.br\/index.php?rest_route=\/wp\/v2\/users\/246"}],"replies":[{"embeddable":true,"href":"https:\/\/diarioregionaldigital.com.br\/index.php?rest_route=%2Fwp%2Fv2%2Fcomments&post=200348"}],"version-history":[{"count":1,"href":"https:\/\/diarioregionaldigital.com.br\/index.php?rest_route=\/wp\/v2\/posts\/200348\/revisions"}],"predecessor-version":[{"id":200350,"href":"https:\/\/diarioregionaldigital.com.br\/index.php?rest_route=\/wp\/v2\/posts\/200348\/revisions\/200350"}],"wp:featuredmedia":[{"embeddable":true,"href":"https:\/\/diarioregionaldigital.com.br\/index.php?rest_route=\/wp\/v2\/media\/200349"}],"wp:attachment":[{"href":"https:\/\/diarioregionaldigital.com.br\/index.php?rest_route=%2Fwp%2Fv2%2Fmedia&parent=200348"}],"wp:term":[{"taxonomy":"category","embeddable":true,"href":"https:\/\/diarioregionaldigital.com.br\/index.php?rest_route=%2Fwp%2Fv2%2Fcategories&post=200348"},{"taxonomy":"post_tag","embeddable":true,"href":"https:\/\/diarioregionaldigital.com.br\/index.php?rest_route=%2Fwp%2Fv2%2Ftags&post=200348"}],"curies":[{"name":"wp","href":"https:\/\/api.w.org\/{rel}","templated":true}]}}