{"id":200335,"date":"2022-06-15T21:15:00","date_gmt":"2022-06-16T00:15:00","guid":{"rendered":"https:\/\/diarioregionaldigital.com.br\/?p=200335"},"modified":"2022-06-15T21:15:00","modified_gmt":"2022-06-16T00:15:00","slug":"emcplay-plataforma-de-streaming-mineira-ja-esta-disponivel","status":"publish","type":"post","link":"https:\/\/diarioregionaldigital.com.br\/?p=200335","title":{"rendered":"EMCplay, plataforma de streaming mineira, j\u00e1 est\u00e1 dispon\u00edvel"},"content":{"rendered":"<p>O Cine Humberto Mauro foi palco do lan\u00e7amento da plataforma de streaming da Empresa Mineira de Comunica\u00e7\u00e3o (EMC), a EMCplay. Ela tamb\u00e9m inclui cinema mineiro e conte\u00fados audiovisuais que valorizam a identidade, o patrim\u00f4nio, a cultura, os atrativos e as singularidades de Minas Gerais, tudo de gra\u00e7a, na palma da m\u00e3o, em qualquer lugar e a qualquer momento.<\/p>\n<p>A EMCplay concentra o rico material das emissoras p\u00fablicas, a R\u00e1dio Inconfid\u00eancia, com 85 anos de hist\u00f3ria, e a Rede Minas, com 37. O p\u00fablico poder\u00e1 rever os conte\u00fados marcantes e especiais, como shows e espet\u00e1culos que s\u00f3 a Rede Minas registrou e tamb\u00e9m reportagens e programas carregados de mem\u00f3ria afetiva, como Leila Entrevista, Arruma\u00e7\u00e3o, especiais do Agenda, Alto Falante, Brasil das Gerais e outros programas que tamb\u00e9m estar\u00e3o dispon\u00edveis.<\/p>\n<p>A EMC \u00e9 vinculada \u00e0 Secretaria de Estado de Cultura e Turismo (Secult).<\/p>\n<p><strong>Cat\u00e1logo<\/strong><\/p>\n<p>Os conte\u00fados dispon\u00edveis na EMCplay est\u00e3o divididos nas categorias:<\/p>\n<ul>\n<li>+Minas Gerais (conte\u00fados informativos e cativantes sobre os atrativos do estado, como paisagens naturais, aspectos da cozinha mineira, patrim\u00f4nio material e imaterial);<\/li>\n<li>Cinema em Minas (filmes, s\u00e9ries, document\u00e1rios e anima\u00e7\u00f5es produzidos em Minas Gerais ou que retratam o estado. Produ\u00e7\u00f5es contempladas por editais da LAB &#8211; Lei Aldir Blanc, Fundo Estadual de Cultura e outras ferramentas de incentivo e fomento ao audiovisual);<\/li>\n<li>Ao Vivo (toda a programa\u00e7\u00e3o que vai ao ar, diariamente, nas tr\u00eas emissoras p\u00fablicas do estado &#8211; Rede Minas e R\u00e1dio Inconfid\u00eancia AM e FM &#8211; em tempo real), M\u00fasica nas Gerais (programas e shows exclusivos);<\/li>\n<li>+Rede Minas e +Inconfid\u00eancia (o rico acervo das emissoras);<\/li>\n<li>Para Crian\u00e7as (programas infantis marcantes como Dango Balango e outros conte\u00fados audiovisuais como, longas, curtas, s\u00e9ries e especiais feitos para entreter e tamb\u00e9m educar).<\/li>\n<li>Produ\u00e7\u00f5es contempladas por editais da LAB &#8211; Lei Aldir Blanc, Fundo Estadual de Cultura e outras ferramentas de incentivo e fomento ao audiovisual, estar\u00e3o na EMCplay. Os interessados em incluir seus filmes na plataforma poder\u00e3o participar de um edital de credenciamento. Todo conte\u00fado ser\u00e1 analisado pelo Grupo de Trabalho Curador da EMCplay, formado por servidores da Empresa Mineira de Comunica\u00e7\u00e3o e representantes da sociedade civil.<\/li>\n<\/ul>\n<p><strong>Festivais e mostras<\/strong><\/p>\n<p>Para tornar a plataforma ainda mais atrativa e diferenciada, a EMCplay abre a oportunidade para que festivais e mostras de cinema de Minas Gerais possam apresentar seus conte\u00fados e realizarem seus eventos online ou de forma h\u00edbrida, tend\u00eancia antecipada pela pandemia que ampliou bastante o p\u00fablico desses festivais. Haver\u00e1 chamamento p\u00fablico para exibi\u00e7\u00e3o online de festivais e mostras.<\/p>\n<p>A EMCplay j\u00e1 est\u00e1 dispon\u00edvel e pode ser acessada pelo site emcplay.com ou atrav\u00e9s do aplicativo no Google Play e Apple Store.<\/p>\n<p>O lan\u00e7amento da plataforma foi feito no Cine Humberto Mauro, nessa ter\u00e7a-feira (14\/6).<\/p>\n<p><span style=\"font-weight: 400;\">Fonte: Ag\u00eancia Minas <\/span><\/p>\n","protected":false},"excerpt":{"rendered":"<p>O Cine Humberto Mauro foi palco do lan\u00e7amento da plataforma de streaming da Empresa Mineira de Comunica\u00e7\u00e3o (EMC), a EMCplay. Ela tamb\u00e9m inclui cinema mineiro e conte\u00fados audiovisuais que valorizam a identidade, o patrim\u00f4nio, a cultura, os atrativos e as singularidades de Minas Gerais, tudo de gra\u00e7a, na palma da m\u00e3o, em qualquer lugar e [&hellip;]<\/p>\n","protected":false},"author":246,"featured_media":200336,"comment_status":"closed","ping_status":"closed","sticky":false,"template":"","format":"standard","meta":{"footnotes":""},"categories":[436,254,439],"tags":[],"class_list":["post-200335","post","type-post","status-publish","format-standard","has-post-thumbnail","hentry","category-destaque-da-semana","category-politica","category-ultima-hora"],"_links":{"self":[{"href":"https:\/\/diarioregionaldigital.com.br\/index.php?rest_route=\/wp\/v2\/posts\/200335","targetHints":{"allow":["GET"]}}],"collection":[{"href":"https:\/\/diarioregionaldigital.com.br\/index.php?rest_route=\/wp\/v2\/posts"}],"about":[{"href":"https:\/\/diarioregionaldigital.com.br\/index.php?rest_route=\/wp\/v2\/types\/post"}],"author":[{"embeddable":true,"href":"https:\/\/diarioregionaldigital.com.br\/index.php?rest_route=\/wp\/v2\/users\/246"}],"replies":[{"embeddable":true,"href":"https:\/\/diarioregionaldigital.com.br\/index.php?rest_route=%2Fwp%2Fv2%2Fcomments&post=200335"}],"version-history":[{"count":1,"href":"https:\/\/diarioregionaldigital.com.br\/index.php?rest_route=\/wp\/v2\/posts\/200335\/revisions"}],"predecessor-version":[{"id":200337,"href":"https:\/\/diarioregionaldigital.com.br\/index.php?rest_route=\/wp\/v2\/posts\/200335\/revisions\/200337"}],"wp:featuredmedia":[{"embeddable":true,"href":"https:\/\/diarioregionaldigital.com.br\/index.php?rest_route=\/wp\/v2\/media\/200336"}],"wp:attachment":[{"href":"https:\/\/diarioregionaldigital.com.br\/index.php?rest_route=%2Fwp%2Fv2%2Fmedia&parent=200335"}],"wp:term":[{"taxonomy":"category","embeddable":true,"href":"https:\/\/diarioregionaldigital.com.br\/index.php?rest_route=%2Fwp%2Fv2%2Fcategories&post=200335"},{"taxonomy":"post_tag","embeddable":true,"href":"https:\/\/diarioregionaldigital.com.br\/index.php?rest_route=%2Fwp%2Fv2%2Ftags&post=200335"}],"curies":[{"name":"wp","href":"https:\/\/api.w.org\/{rel}","templated":true}]}}