{"id":200332,"date":"2022-06-15T21:11:37","date_gmt":"2022-06-16T00:11:37","guid":{"rendered":"https:\/\/diarioregionaldigital.com.br\/?p=200332"},"modified":"2022-06-15T21:11:37","modified_gmt":"2022-06-16T00:11:37","slug":"governo-de-minas-entrega-veiculos-para-a-policia-militar-de-21-municipios","status":"publish","type":"post","link":"https:\/\/diarioregionaldigital.com.br\/?p=200332","title":{"rendered":"Governo de Minas entrega ve\u00edculos para a Pol\u00edcia Militar de 21 munic\u00edpios"},"content":{"rendered":"<p>O governador Romeu Zema e o secret\u00e1rio de Estado de\u00a0<a href=\"http:\/\/www.seguranca.mg.gov.br\/\" target=\"_blank\" rel=\"noopener\">Justi\u00e7a e Seguran\u00e7a P\u00fablica<\/a>, Rog\u00e9rio Greco, participaram, nesta quarta-feira (15\/6), em Divin\u00f3polis, na regi\u00e3o Centro-Oeste, do evento de entrega de ve\u00edculos para a\u00a0<a href=\"http:\/\/www.policiamilitar.mg.gov.br\/\" target=\"_blank\" rel=\"noopener\">Pol\u00edcia Militar de Minas Gerais<\/a>.<\/p>\n<p>S\u00e3o 29 novas viaturas para refor\u00e7ar o policiamento e nove para atender os Col\u00e9gios Tiradentes de Divin\u00f3polis, Bom Despacho e Lavras. No total, ser\u00e3o contemplados 21 munic\u00edpios da 7\u00aa Regi\u00e3o da Pol\u00edcia Militar (RPM), sediada em Divin\u00f3polis, e da 6\u00aa RPM, com sede em Lavras. Foi feito um investimento de R$ 3,5 milh\u00f5es com recursos do Estado e emendas parlamentares para a aquisi\u00e7\u00e3o dos ve\u00edculos entregues.<\/p>\n<p>&#8220;Estamos procurando manter as viaturas dentro de um per\u00edodo de vida \u00fatil adequado para que os policiais n\u00e3o comecem a enfrentar problemas com carros antigos. Em todo o estado, o Governo de Minas tamb\u00e9m est\u00e1 investindo em equipamentos, armamento, a digitaliza\u00e7\u00e3o dos canais de r\u00e1dio e treinamento de mais de 1.200 novos policiais&#8221;, afirmou o Romeu Zema.<\/p>\n<p><strong>Queda na criminalidade<\/strong><\/p>\n<p>Nos \u00faltimos anos, Minas Gerais registrou queda nos \u00edndices de criminalidade e passou, em 2021, a ser o estado mais seguro do Brasil. O governador falou sobre os reflexos dos resultados positivos da Seguran\u00e7a P\u00fablica em outras \u00e1reas.<\/p>\n<p>&#8220;A queda da criminalidade tem sido de fundamental import\u00e2ncia para que o estado continue atraindo investimentos, criando oportunidades e tamb\u00e9m mais esperan\u00e7a para o povo mineiro. Estamos aqui dando mais um passo para que Minas continue sendo o estado mais seguro. N\u00e3o estamos satisfeitos, queremos ainda menos homic\u00eddios e menos crimes violentos. No que depender do Estado, novos investimentos ser\u00e3o feitos para que continuemos a trilhar esse caminho&#8221;, afirmou Zema.<\/p>\n<p><strong>Programa de Inclus\u00e3o de Egressos do Sistema Prisional\u00a0<\/strong><\/p>\n<p>Durante o evento, tamb\u00e9m foi anunciada a implanta\u00e7\u00e3o do Programa de Inclus\u00e3o de Egressos do Sistema Prisional (PrEsp) em Divin\u00f3polis. O objetivo do programa \u00e9 promover a inclus\u00e3o social de homens e mulheres que deixaram o sistema prisional, oferecendo capacita\u00e7\u00f5es profissionais para que eles tenham uma fonte de renda ap\u00f3s o retorno para a sociedade. Tamb\u00e9m h\u00e1 a\u00e7\u00f5es com os familiares visando o fortalecimento dos v\u00ednculos de apoio.<\/p>\n<p>A expectativa \u00e9 a de que sejam atendidos, em Divin\u00f3polis, 300 egressos por ano. Os trabalhos do PrEsp no munic\u00edpio ser\u00e3o feitos na Unidade de Preven\u00e7\u00e3o \u00e0 Criminalidade (UPC), inaugurada em maio deste ano.<\/p>\n<p>De acordo com o secret\u00e1rio de Estado de Justi\u00e7a e Seguran\u00e7a P\u00fablica, o \u00edndice de reincid\u00eancia de egressos no Brasil \u00e9 alto, por isso \u00e9 fundamental que o Governo desenvolva a\u00e7\u00f5es para contribuir com a ressocializa\u00e7\u00e3o.<\/p>\n<p>&#8220;Temos que fazer de tudo para que quem j\u00e1 cumpriu a pena n\u00e3o volte a cometer um crime e essa \u00e9 a finalidade do PrEsp. Isso faz parte da seguran\u00e7a p\u00fablica, evitar que o egresso seja um reincidente. Se o Estado n\u00e3o tiver essa vis\u00e3o, a tend\u00eancia \u00e9 criminalidade crescer. Creio na ressocializa\u00e7\u00e3o e queremos faz\u00ea-la acontecer&#8221;, disse Greco.<\/p>\n<p>O programa \u00e9 executado em Minas Gerais desde 2003. Outros 16 munic\u00edpios j\u00e1 contam com a atua\u00e7\u00e3o do PrEsp. No ano passado, foram atendidos 4.379 egressos em todo o Estado e mais de 16 mil atendimentos.<\/p>\n<p>O comandante-geral da Pol\u00edcia Militar de Minas Gerais, coronel Rodrigo Rodrigues, tamb\u00e9m acompanhou o governador em Divin\u00f3polis.<\/p>\n<p>&nbsp;<\/p>\n<p><strong>Munic\u00edpios contemplados com viaturas:<\/strong><\/p>\n<p><u>7\u00aa Regional da PM: 17 viaturas<\/u><\/p>\n<p>Divin\u00f3polis (4)<\/p>\n<p>Bom Despacho (3)<\/p>\n<p>Maravilhas (1)<\/p>\n<p>Lagoa da Prata (2)<\/p>\n<p>Paineiras (1)<\/p>\n<p>Pitangui (1)<\/p>\n<p>Pompeu (1)<\/p>\n<p>Pains (1)<\/p>\n<p>Luz (1)<\/p>\n<p>Bambu\u00ed (1)<\/p>\n<p>S\u00e3o Sebasti\u00e3o do Oeste (1)<\/p>\n<p>&nbsp;<\/p>\n<p><u>6\u00aa Regi\u00e3o da PM: 12 viaturas<\/u><\/p>\n<p>Lavras (3)<\/p>\n<p>Cambuquira (1)<\/p>\n<p>Critais (1)<\/p>\n<p>Aguanil (1)<\/p>\n<p>Candeias (1)<\/p>\n<p>Jesu\u00e2nia (1)<\/p>\n<p>Oliveira (1)<\/p>\n<p>Carmo da Cachoeira (1)<\/p>\n<p>Ol\u00edmpio Nogueira (1)<\/p>\n<p>S\u00e3o Francisco de Paula (1)<\/p>\n<p><span style=\"font-weight: 400;\">Fonte: Ag\u00eancia Minas <\/span><\/p>\n","protected":false},"excerpt":{"rendered":"<p>O governador Romeu Zema e o secret\u00e1rio de Estado de\u00a0Justi\u00e7a e Seguran\u00e7a P\u00fablica, Rog\u00e9rio Greco, participaram, nesta quarta-feira (15\/6), em Divin\u00f3polis, na regi\u00e3o Centro-Oeste, do evento de entrega de ve\u00edculos para a\u00a0Pol\u00edcia Militar de Minas Gerais. S\u00e3o 29 novas viaturas para refor\u00e7ar o policiamento e nove para atender os Col\u00e9gios Tiradentes de Divin\u00f3polis, Bom Despacho [&hellip;]<\/p>\n","protected":false},"author":246,"featured_media":200333,"comment_status":"closed","ping_status":"closed","sticky":false,"template":"","format":"standard","meta":{"footnotes":""},"categories":[436,254,439],"tags":[],"class_list":["post-200332","post","type-post","status-publish","format-standard","has-post-thumbnail","hentry","category-destaque-da-semana","category-politica","category-ultima-hora"],"_links":{"self":[{"href":"https:\/\/diarioregionaldigital.com.br\/index.php?rest_route=\/wp\/v2\/posts\/200332","targetHints":{"allow":["GET"]}}],"collection":[{"href":"https:\/\/diarioregionaldigital.com.br\/index.php?rest_route=\/wp\/v2\/posts"}],"about":[{"href":"https:\/\/diarioregionaldigital.com.br\/index.php?rest_route=\/wp\/v2\/types\/post"}],"author":[{"embeddable":true,"href":"https:\/\/diarioregionaldigital.com.br\/index.php?rest_route=\/wp\/v2\/users\/246"}],"replies":[{"embeddable":true,"href":"https:\/\/diarioregionaldigital.com.br\/index.php?rest_route=%2Fwp%2Fv2%2Fcomments&post=200332"}],"version-history":[{"count":1,"href":"https:\/\/diarioregionaldigital.com.br\/index.php?rest_route=\/wp\/v2\/posts\/200332\/revisions"}],"predecessor-version":[{"id":200334,"href":"https:\/\/diarioregionaldigital.com.br\/index.php?rest_route=\/wp\/v2\/posts\/200332\/revisions\/200334"}],"wp:featuredmedia":[{"embeddable":true,"href":"https:\/\/diarioregionaldigital.com.br\/index.php?rest_route=\/wp\/v2\/media\/200333"}],"wp:attachment":[{"href":"https:\/\/diarioregionaldigital.com.br\/index.php?rest_route=%2Fwp%2Fv2%2Fmedia&parent=200332"}],"wp:term":[{"taxonomy":"category","embeddable":true,"href":"https:\/\/diarioregionaldigital.com.br\/index.php?rest_route=%2Fwp%2Fv2%2Fcategories&post=200332"},{"taxonomy":"post_tag","embeddable":true,"href":"https:\/\/diarioregionaldigital.com.br\/index.php?rest_route=%2Fwp%2Fv2%2Ftags&post=200332"}],"curies":[{"name":"wp","href":"https:\/\/api.w.org\/{rel}","templated":true}]}}