{"id":200329,"date":"2022-06-15T21:07:47","date_gmt":"2022-06-16T00:07:47","guid":{"rendered":"https:\/\/diarioregionaldigital.com.br\/?p=200329"},"modified":"2022-06-15T21:07:47","modified_gmt":"2022-06-16T00:07:47","slug":"obras-de-implantacao-e-melhorias-avancam-no-contorno-de-cataguases-na-zona-da-mata","status":"publish","type":"post","link":"https:\/\/diarioregionaldigital.com.br\/?p=200329","title":{"rendered":"Obras de implanta\u00e7\u00e3o e melhorias avan\u00e7am no Contorno de Cataguases, na Zona da Mata"},"content":{"rendered":"<p>O\u00a0<a href=\"http:\/\/www.der.mg.gov.br\/\" target=\"_blank\" rel=\"noopener\">Departamento de Edifica\u00e7\u00f5es e Estradas de Rodagem do Estado de Minas Gerais (DER-MG)<\/a>\u00a0segue com as obras de implanta\u00e7\u00e3o e de melhorias do Contorno de Cataguases, na Zona da Mata. No total, 6,4 quil\u00f4metros de pistas ser\u00e3o implantadas e restauradas, com investimento da ordem de R$15 milh\u00f5es, por meio do Provias, maior programa de obras rodovi\u00e1rias da \u00faltima d\u00e9cada do\u00a0<a href=\"https:\/\/www.mg.gov.br\/\" target=\"_blank\" rel=\"noopener\">Governo de Minas<\/a>.<\/p>\n<p>Quando conclu\u00eddo, o contorno ser\u00e1 a principal via de acesso ao novo terminal rodovi\u00e1rio do munic\u00edpio e uma importante conex\u00e3o com a rodovia CMG-120, trazendo melhores condi\u00e7\u00f5es de trafegabilidade e seguran\u00e7a para ve\u00edculos e pedestres, al\u00e9m desafogar o tr\u00e2nsito em Cataguases.<\/p>\n<p>Atualmente, as equipes est\u00e3o concentradas na execu\u00e7\u00e3o dos servi\u00e7os de drenagem e de terraplenagem em 1,9 quil\u00f4metro de implanta\u00e7\u00e3o da rodovia. Outra frente de trabalho atua na manuten\u00e7\u00e3o dos 4,5 quil\u00f4metros da pista pavimentada j\u00e1 existente.<\/p>\n<p><strong>Provias<\/strong><\/p>\n<p>As a\u00e7\u00f5es do Provias se dividem em dois eixos: recupera\u00e7\u00e3o funcional, com objetivo de promover melhorias no pavimento das estradas em pior estado de conserva\u00e7\u00e3o; e pavimenta\u00e7\u00e3o e constru\u00e7\u00e3o de pontes, com foco em viabilizar novas liga\u00e7\u00f5es entre importantes regi\u00f5es de Minas Gerais.<\/p>\n<p>No total, ser\u00e3o 55 obras de recupera\u00e7\u00e3o funcional em 1.770 quil\u00f4metros da malha rodovi\u00e1ria e 44 empreendimentos de pavimenta\u00e7\u00f5es e constru\u00e7\u00e3o de pontes, que somam cerca de 807 quil\u00f4metros.<\/p>\n<p>Os recursos para as obras s\u00e3o oriundos do Termo de Repara\u00e7\u00e3o assinado com a Vale em decorr\u00eancia do rompimento da barragem de Brumadinho, do Termo de Transa\u00e7\u00e3o e de Ajustamento de Conduta (TTAC) firmado entre o Governo de Minas e a Funda\u00e7\u00e3o Renova, al\u00e9m de conv\u00eanios e emendas parlamentares estaduais e federais, e parcerias com empresas e conv\u00eanios com prefeituras.<\/p>\n<p><span style=\"font-weight: 400;\">Fonte: Ag\u00eancia Minas <\/span><\/p>\n","protected":false},"excerpt":{"rendered":"<p>O\u00a0Departamento de Edifica\u00e7\u00f5es e Estradas de Rodagem do Estado de Minas Gerais (DER-MG)\u00a0segue com as obras de implanta\u00e7\u00e3o e de melhorias do Contorno de Cataguases, na Zona da Mata. No total, 6,4 quil\u00f4metros de pistas ser\u00e3o implantadas e restauradas, com investimento da ordem de R$15 milh\u00f5es, por meio do Provias, maior programa de obras rodovi\u00e1rias [&hellip;]<\/p>\n","protected":false},"author":246,"featured_media":200330,"comment_status":"closed","ping_status":"closed","sticky":false,"template":"","format":"standard","meta":{"footnotes":""},"categories":[436,254,439],"tags":[],"class_list":["post-200329","post","type-post","status-publish","format-standard","has-post-thumbnail","hentry","category-destaque-da-semana","category-politica","category-ultima-hora"],"_links":{"self":[{"href":"https:\/\/diarioregionaldigital.com.br\/index.php?rest_route=\/wp\/v2\/posts\/200329","targetHints":{"allow":["GET"]}}],"collection":[{"href":"https:\/\/diarioregionaldigital.com.br\/index.php?rest_route=\/wp\/v2\/posts"}],"about":[{"href":"https:\/\/diarioregionaldigital.com.br\/index.php?rest_route=\/wp\/v2\/types\/post"}],"author":[{"embeddable":true,"href":"https:\/\/diarioregionaldigital.com.br\/index.php?rest_route=\/wp\/v2\/users\/246"}],"replies":[{"embeddable":true,"href":"https:\/\/diarioregionaldigital.com.br\/index.php?rest_route=%2Fwp%2Fv2%2Fcomments&post=200329"}],"version-history":[{"count":1,"href":"https:\/\/diarioregionaldigital.com.br\/index.php?rest_route=\/wp\/v2\/posts\/200329\/revisions"}],"predecessor-version":[{"id":200331,"href":"https:\/\/diarioregionaldigital.com.br\/index.php?rest_route=\/wp\/v2\/posts\/200329\/revisions\/200331"}],"wp:featuredmedia":[{"embeddable":true,"href":"https:\/\/diarioregionaldigital.com.br\/index.php?rest_route=\/wp\/v2\/media\/200330"}],"wp:attachment":[{"href":"https:\/\/diarioregionaldigital.com.br\/index.php?rest_route=%2Fwp%2Fv2%2Fmedia&parent=200329"}],"wp:term":[{"taxonomy":"category","embeddable":true,"href":"https:\/\/diarioregionaldigital.com.br\/index.php?rest_route=%2Fwp%2Fv2%2Fcategories&post=200329"},{"taxonomy":"post_tag","embeddable":true,"href":"https:\/\/diarioregionaldigital.com.br\/index.php?rest_route=%2Fwp%2Fv2%2Ftags&post=200329"}],"curies":[{"name":"wp","href":"https:\/\/api.w.org\/{rel}","templated":true}]}}