{"id":200326,"date":"2022-06-15T21:03:13","date_gmt":"2022-06-16T00:03:13","guid":{"rendered":"https:\/\/diarioregionaldigital.com.br\/?p=200326"},"modified":"2022-06-15T21:03:13","modified_gmt":"2022-06-16T00:03:13","slug":"governador-participa-da-cerimonia-de-posse-da-nova-diretoria-do-tre-mg","status":"publish","type":"post","link":"https:\/\/diarioregionaldigital.com.br\/?p=200326","title":{"rendered":"Governador participa da cerim\u00f4nia de posse da nova diretoria do TRE-MG"},"content":{"rendered":"<p>O governador Romeu Zema participou, nesta quarta-feira (15\/6), da cerim\u00f4nia de posse da nova diretoria do Tribunal Regional Eleitoral de Minas Gerais (TRE-MG). O desembargador Maur\u00edcio Torres Soares ser\u00e1 o novo presidente e o desembargador Octavio Augusto De Nigris Boccalini assumir\u00e1 a vice-presid\u00eancia e a corregedoria. Ambos exercer\u00e3o os cargos at\u00e9 junho de 2023 e ficar\u00e3o respons\u00e1veis pela condu\u00e7\u00e3o do processo eleitoral no estado durante as elei\u00e7\u00f5es deste ano.<\/p>\n<p>O governador desejou sucesso aos novos integrantes da diretoria do TRE-MG. &#8220;Desejo sucesso para a nova diretoria do TRE-MG, um \u00f3rg\u00e3o de extrema import\u00e2ncia para o processo eleitoral e para a democracia de Minas e do Brasil. Eles ter\u00e3o pela frente um processo eleitoral cercado de desafios e acredito que, capacitados como s\u00e3o, conseguir\u00e3o superar com sucesso e concluir as elei\u00e7\u00f5es com lisura e seguran\u00e7a&#8221;.<\/p>\n<p>O novo presidente do tribunal, o desembargador Maur\u00edcio Torres Soares elencou os desafios \u00e0 frente de sua gest\u00e3o.<\/p>\n<p>&#8220;Assumo esta honrosa posi\u00e7\u00e3o de presidente do Tribunal Regional Eleitoral atento aos desafios atuais de preservar a maturidade democr\u00e1tica conquistada at\u00e9 aqui e evitar desgastes institucionais. O primeiro desafio \u00e9 revigorar as elei\u00e7\u00f5es e combater a perigosa desconstru\u00e7\u00e3o do legado da Justi\u00e7a Eleitoral.<\/p>\n<p>Seremos inflex\u00edveis na defesa da hist\u00f3ria da Justi\u00e7a Eleitoral e da Democracia&#8221;, afirmou. &#8220;Sobre os injustos ataques feitos ao nosso sistema de vota\u00e7\u00e3o, afirmo que justi\u00e7a eleitoral sempre trabalhou para que as elei\u00e7\u00f5es ocorram de maneira segura, transparente e eficiente&#8221;, acrescentou.<\/p>\n<p>O agora ex-presidente do Tribunal Regional Eleitoral, Desembargador Marcos Lincoln, felicitou o novo desembargador pelo cargo e disse que concluiu sua gest\u00e3o com a sensa\u00e7\u00e3o de dever cumprindo. &#8220;Conclu\u00eddo o meu prop\u00f3sito de Presidente, o privil\u00e9gio de ter servido \u00e0 Justi\u00e7a Eleitoral muito me envaideceu e honrou, porque, dentro de minhas limita\u00e7\u00f5es, pude contribuir para o engrandecimento da democracia no Brasil e em Minas Gerais, com entusiasmo c\u00edvico e muita dedica\u00e7\u00e3o&#8221;, disse.<\/p>\n<p>O TRE-MG \u00e9 composto por sete membros titulares, sendo dois desembargadores e dois ju\u00edzes oriundos do Tribunal de Justi\u00e7a de Minas Gerais (TJMG), um juiz federal indicado pelo Tribunal Regional Federal (TRF) da 1\u00aa regi\u00e3o e dois juristas, nomeados pelo presidente da Rep\u00fablica. Cada integrante tem o mandato de dois anos, podendo ser reconduzido por igual per\u00edodo.<\/p>\n<p><strong>Presidente<\/strong><\/p>\n<p>O novo presidente Maur\u00edcio Torres Soares ocupa o cargo de vice-presidente e corregedor do Tribunal desde junho de 2021. Ele \u00e9 natural de Caratinga e graduado em Direito pela Pontif\u00edcia Universidade Cat\u00f3lica (PUC\/MG).<\/p>\n<p>Desde 1993, o desembargador integra a magistratura mineira, tendo passado pelas comarcas de Janu\u00e1ria, Nova Serrana, Itambacuri, Abre Campo, Vi\u00e7osa e Contagem. Em 2015, ele foi promovido a desembargador no TJMG. Ele tamb\u00e9m presidiu a Associa\u00e7\u00e3o dos Magistrados Mineiros entre 2016 e 2018.<\/p>\n<p>Maur\u00edcio tamb\u00e9m j\u00e1 integrou a Corte Eleitoral Mineira na classe de Juiz de Direito em anos anteriores, antes de ser promovido a desembargador pelo TJMG. Ele atuou ainda como ouvidor eleitoral de 2010 a 2012.<\/p>\n<p><strong>Vice-presidente<\/strong><\/p>\n<p>Octavio Augusto de Nigris Boccalini, novo vice-presidente e corregedor, \u00e9 natural de S\u00e3o Paulo e graduado em Direito pela Unisantos. Desde 1993, ele integra a magistratura mineira, j\u00e1 tendo passado pelas comarcas de Silvian\u00f3polis, Espinosa, Monte Azul, Jo\u00e3o Pinheiro, Pouso Alegre, S\u00e3o Gon\u00e7alo do Sapuca\u00ed, Itajub\u00e1 e Belo Horizonte.<\/p>\n<p>De 2007 a 2009, foi juiz eleitoral na capital e nas elei\u00e7\u00f5es de 2008 presidiu a Comiss\u00e3o de Fiscaliza\u00e7\u00e3o da Propaganda Eleitoral de Belo Horizonte. Em 2014, Octavio foi promovido a desembargador no TJMG.<\/p>\n<p>Na Corte Eleitoral mineira, foi substituto na classe de juiz de direito de 2009 a 2013, e, desde junho de 2020, \u00e9 membro suplente na classe de desembargador.<\/p>\n<p><strong>TRE-MG<\/strong><\/p>\n<p>O TRE-MG \u00e9 respons\u00e1vel pelo planejamento e coordena\u00e7\u00e3o do processo eleitoral nos n\u00edveis estadual e municipal. O \u00f3rg\u00e3o tamb\u00e9m tem em suas atribui\u00e7\u00f5es o julgamento de recursos interpostos das decis\u00f5es dos Ju\u00edzes e Juntas Eleitorais do estado, como tamb\u00e9m os processos administrativos do pr\u00f3prio Tribunal.<\/p>\n<p>Tamb\u00e9m cabe ao TRE-MG o registro de candidatos aos cargos de governador, senador, deputado estadual e federal, assim como a an\u00e1lise das contas por eles prestadas ao fim das campanhas. Al\u00e9m disso, est\u00e3o entre as atribui\u00e7\u00f5es da Corte a an\u00e1lise das presta\u00e7\u00f5es de contas anuais dos \u00f3rg\u00e3os regionais dos partidos pol\u00edticos e a anota\u00e7\u00e3o e cancelamento dos diret\u00f3rios estaduais e municipais dos partidos pol\u00edticos.<\/p>\n<p>Por fim, \u00e9 de responsabilidade do \u00f3rg\u00e3o a designa\u00e7\u00e3o dos ju\u00edzes titulares das 304 Zonas Eleitorais do Estado de Minas Gerais e o gerenciamento do cadastro de eleitores mineiros, fun\u00e7\u00f5es de extrema import\u00e2ncia para a condu\u00e7\u00e3o do processo eleitoral com lisura e confian\u00e7a.<\/p>\n<p><span style=\"font-weight: 400;\">Fonte: Ag\u00eancia Minas <\/span><\/p>\n","protected":false},"excerpt":{"rendered":"<p>O governador Romeu Zema participou, nesta quarta-feira (15\/6), da cerim\u00f4nia de posse da nova diretoria do Tribunal Regional Eleitoral de Minas Gerais (TRE-MG). O desembargador Maur\u00edcio Torres Soares ser\u00e1 o novo presidente e o desembargador Octavio Augusto De Nigris Boccalini assumir\u00e1 a vice-presid\u00eancia e a corregedoria. Ambos exercer\u00e3o os cargos at\u00e9 junho de 2023 e [&hellip;]<\/p>\n","protected":false},"author":246,"featured_media":200327,"comment_status":"closed","ping_status":"closed","sticky":false,"template":"","format":"standard","meta":{"footnotes":""},"categories":[436,440,254,439],"tags":[],"class_list":["post-200326","post","type-post","status-publish","format-standard","has-post-thumbnail","hentry","category-destaque-da-semana","category-destaques-do-dia","category-politica","category-ultima-hora"],"_links":{"self":[{"href":"https:\/\/diarioregionaldigital.com.br\/index.php?rest_route=\/wp\/v2\/posts\/200326","targetHints":{"allow":["GET"]}}],"collection":[{"href":"https:\/\/diarioregionaldigital.com.br\/index.php?rest_route=\/wp\/v2\/posts"}],"about":[{"href":"https:\/\/diarioregionaldigital.com.br\/index.php?rest_route=\/wp\/v2\/types\/post"}],"author":[{"embeddable":true,"href":"https:\/\/diarioregionaldigital.com.br\/index.php?rest_route=\/wp\/v2\/users\/246"}],"replies":[{"embeddable":true,"href":"https:\/\/diarioregionaldigital.com.br\/index.php?rest_route=%2Fwp%2Fv2%2Fcomments&post=200326"}],"version-history":[{"count":1,"href":"https:\/\/diarioregionaldigital.com.br\/index.php?rest_route=\/wp\/v2\/posts\/200326\/revisions"}],"predecessor-version":[{"id":200328,"href":"https:\/\/diarioregionaldigital.com.br\/index.php?rest_route=\/wp\/v2\/posts\/200326\/revisions\/200328"}],"wp:featuredmedia":[{"embeddable":true,"href":"https:\/\/diarioregionaldigital.com.br\/index.php?rest_route=\/wp\/v2\/media\/200327"}],"wp:attachment":[{"href":"https:\/\/diarioregionaldigital.com.br\/index.php?rest_route=%2Fwp%2Fv2%2Fmedia&parent=200326"}],"wp:term":[{"taxonomy":"category","embeddable":true,"href":"https:\/\/diarioregionaldigital.com.br\/index.php?rest_route=%2Fwp%2Fv2%2Fcategories&post=200326"},{"taxonomy":"post_tag","embeddable":true,"href":"https:\/\/diarioregionaldigital.com.br\/index.php?rest_route=%2Fwp%2Fv2%2Ftags&post=200326"}],"curies":[{"name":"wp","href":"https:\/\/api.w.org\/{rel}","templated":true}]}}