{"id":200323,"date":"2022-06-15T20:56:39","date_gmt":"2022-06-15T23:56:39","guid":{"rendered":"https:\/\/diarioregionaldigital.com.br\/?p=200323"},"modified":"2022-06-15T20:56:39","modified_gmt":"2022-06-15T23:56:39","slug":"entidades-do-setor-produtos-criticam-aumento-da-selic","status":"publish","type":"post","link":"https:\/\/diarioregionaldigital.com.br\/?p=200323","title":{"rendered":"Entidades do setor produtos criticam aumento da Selic"},"content":{"rendered":"<p>O aumento da taxa Selic (juros b\u00e1sicos da economia)\u00a0<a href=\"https:\/\/agenciabrasil.ebc.com.br\/economia\/noticia\/2022-06\/copom-eleva-juros-basicos-da-economia-para-1325-ao-ano\" target=\"_blank\" rel=\"noopener\">para 13,25% ao ano<\/a>\u00a0foi recebido com cr\u00edticas pelo setor produtivo. Para entidades da ind\u00fastria, a decis\u00e3o equivocada e prejudicar\u00e1 a recupera\u00e7\u00e3o da economia.\u00a0<img decoding=\"async\" src=\"https:\/\/agenciabrasil.ebc.com.br\/ebc.png?id=1466008&amp;o=node\" \/><img decoding=\"async\" src=\"https:\/\/agenciabrasil.ebc.com.br\/ebc.gif?id=1466008&amp;o=node\" \/><\/p>\n<p>Em nota, a Confedera\u00e7\u00e3o Nacional da Ind\u00fastria (CNI) informou que a taxa Selic est\u00e1 num n\u00edvel que inibe a atividade econ\u00f4mica. Para a entidade, os aumentos realizados neste ano se refletem em uma taxa real (juros menos a infla\u00e7\u00e3o) elevada, num momento em que a infla\u00e7\u00e3o come\u00e7a a desacelerar.<\/p>\n<p>\u201cEste aumento adicional da taxa de juros no momento \u00e9 desnecess\u00e1rio para o controle da infla\u00e7\u00e3o e trar\u00e1 custos adicionais \u00e0 economia, como queda do consumo, da produ\u00e7\u00e3o e do emprego\u201d, afirmou em nota o presidente da CNI, Robson Braga de Andrade.<\/p>\n<p>Para a confedera\u00e7\u00e3o, o \u00cdndice Nacional de Pre\u00e7os ao Consumidor (IPCA) de maio mostrou que os pre\u00e7os dos bens industriais come\u00e7aram a desacelerar e continuar\u00e3o nesse movimento no segundo semestre, ainda refletindo os aumentos anteriores dos juros. A entidade tamb\u00e9m destacou que os pre\u00e7os internacionais de bens agr\u00edcolas e da energia mostram estabilidade, ap\u00f3s a incorpora\u00e7\u00e3o do choque provocado pelo conflito na Ucr\u00e2nia.<\/p>\n<h2>Firjan<\/h2>\n<p>Em nota, a Federa\u00e7\u00e3o das Ind\u00fastrias do Rio de Janeiro (Firjan) considera que a Selic n\u00e3o pode ser o \u00fanico instrumento para contornar o quadro generalizado de aumento de pre\u00e7os que assola a economia brasileira. \u201cA pandemia da covid-19 e posteriormente a guerra na Ucr\u00e2nia evidenciaram problemas estruturais no mundo todo. O setor produtivo brasileiro ainda convive com os efeitos da alta dos custos de produ\u00e7\u00e3o e a popula\u00e7\u00e3o sofre com a deteriora\u00e7\u00e3o da renda\u201d.<\/p>\n<p>A nota da entidade diz que a continuidade do ciclo de alta da taxa de juros, ainda que em menor magnitude, \u00e9 duplamente indesej\u00e1vel. \u201cPrimeiro, porque sacrifica ainda mais a atividade econ\u00f4mica, que j\u00e1 d\u00e1 claros sinais de fraqueza. Segundo, porque adiciona um fator de alerta no \u00e2mbito fiscal ao elevar o custo do endividamento do setor p\u00fablico\u201d, avaliou.<\/p>\n<p>A Firjan informou ainda que se busque por outras medidas que possam levar \u00e0 queda persistente da infla\u00e7\u00e3o e \u00e0 retomada sustent\u00e1vel do crescimento. \u201c\u00c9 preciso manter a responsabilidade fiscal e preservar o atendimento b\u00e1sico das necessidades da popula\u00e7\u00e3o. A federa\u00e7\u00e3o reafirma que, diante de um cen\u00e1rio de elevada incerteza, \u00e9 imprescind\u00edvel uma pol\u00edtica monet\u00e1ria mais moderada e que atenda aos desafios de crescimento econ\u00f4mico do pa\u00eds\u201d, destacou.<\/p>\n<p>O Comit\u00ea de Pol\u00edtica Monet\u00e1ria (Copom) decidiu hoje (15) elevar a taxa Selic, de juros b\u00e1sicos da economia, de 12,75% para 13,25% ao ano. Depois de dois aumentos seguidos de 1 ponto percentual, a taxa foi elevada em 0,5 ponto.<\/p>\n<p><span style=\"font-weight: 400;\">Fonte: Ag\u00eancia Brasil <\/span><\/p>\n","protected":false},"excerpt":{"rendered":"<p>O aumento da taxa Selic (juros b\u00e1sicos da economia)\u00a0para 13,25% ao ano\u00a0foi recebido com cr\u00edticas pelo setor produtivo. Para entidades da ind\u00fastria, a decis\u00e3o equivocada e prejudicar\u00e1 a recupera\u00e7\u00e3o da economia.\u00a0 Em nota, a Confedera\u00e7\u00e3o Nacional da Ind\u00fastria (CNI) informou que a taxa Selic est\u00e1 num n\u00edvel que inibe a atividade econ\u00f4mica. Para a entidade, [&hellip;]<\/p>\n","protected":false},"author":246,"featured_media":200324,"comment_status":"closed","ping_status":"closed","sticky":false,"template":"","format":"standard","meta":{"footnotes":""},"categories":[436,261,439],"tags":[],"class_list":["post-200323","post","type-post","status-publish","format-standard","has-post-thumbnail","hentry","category-destaque-da-semana","category-economia","category-ultima-hora"],"_links":{"self":[{"href":"https:\/\/diarioregionaldigital.com.br\/index.php?rest_route=\/wp\/v2\/posts\/200323","targetHints":{"allow":["GET"]}}],"collection":[{"href":"https:\/\/diarioregionaldigital.com.br\/index.php?rest_route=\/wp\/v2\/posts"}],"about":[{"href":"https:\/\/diarioregionaldigital.com.br\/index.php?rest_route=\/wp\/v2\/types\/post"}],"author":[{"embeddable":true,"href":"https:\/\/diarioregionaldigital.com.br\/index.php?rest_route=\/wp\/v2\/users\/246"}],"replies":[{"embeddable":true,"href":"https:\/\/diarioregionaldigital.com.br\/index.php?rest_route=%2Fwp%2Fv2%2Fcomments&post=200323"}],"version-history":[{"count":1,"href":"https:\/\/diarioregionaldigital.com.br\/index.php?rest_route=\/wp\/v2\/posts\/200323\/revisions"}],"predecessor-version":[{"id":200325,"href":"https:\/\/diarioregionaldigital.com.br\/index.php?rest_route=\/wp\/v2\/posts\/200323\/revisions\/200325"}],"wp:featuredmedia":[{"embeddable":true,"href":"https:\/\/diarioregionaldigital.com.br\/index.php?rest_route=\/wp\/v2\/media\/200324"}],"wp:attachment":[{"href":"https:\/\/diarioregionaldigital.com.br\/index.php?rest_route=%2Fwp%2Fv2%2Fmedia&parent=200323"}],"wp:term":[{"taxonomy":"category","embeddable":true,"href":"https:\/\/diarioregionaldigital.com.br\/index.php?rest_route=%2Fwp%2Fv2%2Fcategories&post=200323"},{"taxonomy":"post_tag","embeddable":true,"href":"https:\/\/diarioregionaldigital.com.br\/index.php?rest_route=%2Fwp%2Fv2%2Ftags&post=200323"}],"curies":[{"name":"wp","href":"https:\/\/api.w.org\/{rel}","templated":true}]}}