{"id":200316,"date":"2022-06-15T20:52:17","date_gmt":"2022-06-15T23:52:17","guid":{"rendered":"https:\/\/diarioregionaldigital.com.br\/?p=200316"},"modified":"2022-06-15T20:52:17","modified_gmt":"2022-06-15T23:52:17","slug":"alta-da-selic-encarece-credito-e-prestacoes-diz-anefac","status":"publish","type":"post","link":"https:\/\/diarioregionaldigital.com.br\/?p=200316","title":{"rendered":"Alta da Selic encarece cr\u00e9dito e presta\u00e7\u00f5es, diz Anefac"},"content":{"rendered":"<p>A eleva\u00e7\u00e3o da taxa Selic (juros b\u00e1sicos da economia),\u00a0<a href=\"https:\/\/agenciabrasil.ebc.com.br\/economia\/noticia\/2022-06\/copom-eleva-juros-basicos-da-economia-para-1325-ao-ano\" target=\"_blank\" rel=\"noopener\">decidida hoje (15) pelo Banco Central<\/a>, \u00a0continuar\u00e1 a encarecer o cr\u00e9dito e as presta\u00e7\u00f5es, segundo a Associa\u00e7\u00e3o Nacional dos Executivos de Finan\u00e7as, Administra\u00e7\u00e3o e Contabilidade (Anefac). Apesar de o impacto na ponta final ser dilu\u00eddo, por causa da diferen\u00e7a muito grande entre a taxa b\u00e1sica e os juros efetivos de prazo mais longo, o tomador de novos empr\u00e9stimos sentir\u00e1 os efeitos do aperto monet\u00e1rio.<img decoding=\"async\" src=\"https:\/\/agenciabrasil.ebc.com.br\/ebc.png?id=1466011&amp;o=node\" \/><img decoding=\"async\" src=\"https:\/\/agenciabrasil.ebc.com.br\/ebc.gif?id=1466011&amp;o=node\" \/><\/p>\n<p>Segundo a Anefac, o juro m\u00e9dio para as pessoas f\u00edsicas passar\u00e1 de 117,23% para 118,21% ao ano. Para as pessoas jur\u00eddicas, a taxa m\u00e9dia sair\u00e1 de 56,57% para 57,29% ao ano. A Selic passou de 12,75% para 13,25% ao ano.<\/p>\n<p>No financiamento de uma geladeira de R$ 1,5 mil em 12 presta\u00e7\u00f5es, o comprador desembolsar\u00e1 R$ 0,38 a mais por presta\u00e7\u00e3o e R$ 4,62 a mais no valor final com a nova taxa Selic. O cliente que entra no cheque especial em R$ 1 mil por 20 dias pagar\u00e1 R$ 0,27 a mais.<\/p>\n<p>Na utiliza\u00e7\u00e3o de R$ 3 mil do rotativo do cart\u00e3o de cr\u00e9dito por 30 dias, o cliente gastar\u00e1 R$ 1,20 a mais. Um empr\u00e9stimo pessoal de R$ 5 mil por 12 meses cobrar\u00e1 R$ 1,24 a mais por presta\u00e7\u00e3o e R$ 14,82 a mais ap\u00f3s o pagamento da \u00faltima parcela.<\/p>\n<p>Um empr\u00e9stimo de R$ 3 mil em 12 meses numa financeira sair\u00e1 R$ 0,81 mais caro por presta\u00e7\u00e3o e R$ 9,70 mais caro no total. No financiamento de um autom\u00f3vel de R$ 40 mil por 60 meses, o comprador pagar\u00e1 R$ 11,16 a mais por parcela e R$ 669,47 a mais no total da opera\u00e7\u00e3o.<\/p>\n<p>Em rela\u00e7\u00e3o \u00e0s pessoas jur\u00eddicas, as empresas pagar\u00e3o R$ 62,18 a mais por um empr\u00e9stimo de capital de giro de R$ 50 mil por 90 dias, R$ 24,93 pelo desconto de R$ 20 mil em duplicatas por 90 dias e R$ 2,67 a mais pela utiliza\u00e7\u00e3o de conta garantida no valor de R$ 10 mil por 20 dias.<\/p>\n<h2>Poupan\u00e7a<\/h2>\n<p>A Anefac tamb\u00e9m produziu uma simula\u00e7\u00e3o sobre o impacto da nova taxa Selic sobre os rendimentos da poupan\u00e7a. Com a taxa de 13,25% ao ano, a caderneta s\u00f3 rende mais que os fundos de investimento quando o prazo da aplica\u00e7\u00e3o \u00e9 curto e a taxa de administra\u00e7\u00e3o cobrada pelos fundos \u00e9 alta.<\/p>\n<p>Segundo as simula\u00e7\u00f5es, a poupan\u00e7a rende mais que os fundos em dois cen\u00e1rios. O primeiro \u00e9 para aplica\u00e7\u00f5es de at\u00e9 seis meses em rela\u00e7\u00e3o a fundos com taxa de 2,5% ao ano. O segundo \u00e9 para aplica\u00e7\u00f5es de at\u00e9 dois anos em rela\u00e7\u00e3o a fundos com taxa de administra\u00e7\u00e3o de 3% ao ano.<\/p>\n<p>A vantagem dos fundos ocorre mesmo com a cobran\u00e7a de Imposto de Renda e de taxa de administra\u00e7\u00e3o. Isso porque a poupan\u00e7a, apesar de ser isenta de tributos, rende apenas 6,17% ao ano (0,5% ao m\u00eas) mais a Taxa Referencial (TR), que aumenta quando a Selic sobe. Esse rendimento da poupan\u00e7a \u00e9 aplicado quando a Selic est\u00e1 acima de 8,5% ao ano, o que ocorre desde dezembro de 2021.<\/p>\n<p><span style=\"font-weight: 400;\">Fonte: Ag\u00eancia Brasil\u00a0<\/span><span style=\"font-weight: 400;\"><br \/>\n<\/span><\/p>\n","protected":false},"excerpt":{"rendered":"<p>A eleva\u00e7\u00e3o da taxa Selic (juros b\u00e1sicos da economia),\u00a0decidida hoje (15) pelo Banco Central, \u00a0continuar\u00e1 a encarecer o cr\u00e9dito e as presta\u00e7\u00f5es, segundo a Associa\u00e7\u00e3o Nacional dos Executivos de Finan\u00e7as, Administra\u00e7\u00e3o e Contabilidade (Anefac). Apesar de o impacto na ponta final ser dilu\u00eddo, por causa da diferen\u00e7a muito grande entre a taxa b\u00e1sica e os [&hellip;]<\/p>\n","protected":false},"author":246,"featured_media":200317,"comment_status":"closed","ping_status":"closed","sticky":false,"template":"","format":"standard","meta":{"footnotes":""},"categories":[436,261,439],"tags":[],"class_list":["post-200316","post","type-post","status-publish","format-standard","has-post-thumbnail","hentry","category-destaque-da-semana","category-economia","category-ultima-hora"],"_links":{"self":[{"href":"https:\/\/diarioregionaldigital.com.br\/index.php?rest_route=\/wp\/v2\/posts\/200316","targetHints":{"allow":["GET"]}}],"collection":[{"href":"https:\/\/diarioregionaldigital.com.br\/index.php?rest_route=\/wp\/v2\/posts"}],"about":[{"href":"https:\/\/diarioregionaldigital.com.br\/index.php?rest_route=\/wp\/v2\/types\/post"}],"author":[{"embeddable":true,"href":"https:\/\/diarioregionaldigital.com.br\/index.php?rest_route=\/wp\/v2\/users\/246"}],"replies":[{"embeddable":true,"href":"https:\/\/diarioregionaldigital.com.br\/index.php?rest_route=%2Fwp%2Fv2%2Fcomments&post=200316"}],"version-history":[{"count":1,"href":"https:\/\/diarioregionaldigital.com.br\/index.php?rest_route=\/wp\/v2\/posts\/200316\/revisions"}],"predecessor-version":[{"id":200318,"href":"https:\/\/diarioregionaldigital.com.br\/index.php?rest_route=\/wp\/v2\/posts\/200316\/revisions\/200318"}],"wp:featuredmedia":[{"embeddable":true,"href":"https:\/\/diarioregionaldigital.com.br\/index.php?rest_route=\/wp\/v2\/media\/200317"}],"wp:attachment":[{"href":"https:\/\/diarioregionaldigital.com.br\/index.php?rest_route=%2Fwp%2Fv2%2Fmedia&parent=200316"}],"wp:term":[{"taxonomy":"category","embeddable":true,"href":"https:\/\/diarioregionaldigital.com.br\/index.php?rest_route=%2Fwp%2Fv2%2Fcategories&post=200316"},{"taxonomy":"post_tag","embeddable":true,"href":"https:\/\/diarioregionaldigital.com.br\/index.php?rest_route=%2Fwp%2Fv2%2Ftags&post=200316"}],"curies":[{"name":"wp","href":"https:\/\/api.w.org\/{rel}","templated":true}]}}