{"id":200308,"date":"2022-06-15T14:15:46","date_gmt":"2022-06-15T17:15:46","guid":{"rendered":"https:\/\/diarioregionaldigital.com.br\/?p=200308"},"modified":"2022-06-15T14:15:46","modified_gmt":"2022-06-15T17:15:46","slug":"policia-militar-prende-autores-e-apreende-materiais-relacionados-ao-trafico-de-drogas-no-bairro-benfica-2","status":"publish","type":"post","link":"https:\/\/diarioregionaldigital.com.br\/?p=200308","title":{"rendered":"Pol\u00edcia Militar prende autores e apreende materiais relacionados ao tr\u00e1fico de drogas no bairro Benfica"},"content":{"rendered":"<p>No dia 14jun22 por volta das 18h22min, a Pol\u00edcia Militar compareceu na Rua Evaristo da Veiga no bairro Benfica para verifica\u00e7\u00e3o de den\u00fancia referente ao tr\u00e1fico de drogas que estaria acontecendo no local. Percebida intensa movimenta\u00e7\u00e3o, durante a a\u00e7\u00e3o policial quatro suspeitos foram abordados, realizadas as buscas domiciliares em local de onde estavam saindo, ao todo foram apreendidos: R$ 1627,25, 05 muni\u00e7\u00f5es cal.38, radio comunicador, 01 balan\u00e7a de precis\u00e3o, 01 por\u00e7\u00e3o grande de maconha, 03 buchas de maconha, 08 papelotes de coca\u00edna, 09 pinos de coca\u00edna, 01 cigarro contendo crack, 04 pedras de crack, 01 celular, materiais para embrulhar a droga e 01 rev\u00f3lver cal. 38. A a\u00e7\u00e3o contou com o apoio do c\u00e3o policial. Os autores (21, 21, 41 e 39 anos) foram presos.<\/p>\n","protected":false},"excerpt":{"rendered":"<p>No dia 14jun22 por volta das 18h22min, a Pol\u00edcia Militar compareceu na Rua Evaristo da Veiga no bairro Benfica para verifica\u00e7\u00e3o de den\u00fancia referente ao tr\u00e1fico de drogas que estaria acontecendo no local. Percebida intensa movimenta\u00e7\u00e3o, durante a a\u00e7\u00e3o policial quatro suspeitos foram abordados, realizadas as buscas domiciliares em local de onde estavam saindo, ao [&hellip;]<\/p>\n","protected":false},"author":246,"featured_media":200309,"comment_status":"closed","ping_status":"closed","sticky":false,"template":"","format":"standard","meta":{"footnotes":""},"categories":[301,436,439],"tags":[],"class_list":["post-200308","post","type-post","status-publish","format-standard","has-post-thumbnail","hentry","category-artigos-policiais","category-destaque-da-semana","category-ultima-hora"],"_links":{"self":[{"href":"https:\/\/diarioregionaldigital.com.br\/index.php?rest_route=\/wp\/v2\/posts\/200308","targetHints":{"allow":["GET"]}}],"collection":[{"href":"https:\/\/diarioregionaldigital.com.br\/index.php?rest_route=\/wp\/v2\/posts"}],"about":[{"href":"https:\/\/diarioregionaldigital.com.br\/index.php?rest_route=\/wp\/v2\/types\/post"}],"author":[{"embeddable":true,"href":"https:\/\/diarioregionaldigital.com.br\/index.php?rest_route=\/wp\/v2\/users\/246"}],"replies":[{"embeddable":true,"href":"https:\/\/diarioregionaldigital.com.br\/index.php?rest_route=%2Fwp%2Fv2%2Fcomments&post=200308"}],"version-history":[{"count":1,"href":"https:\/\/diarioregionaldigital.com.br\/index.php?rest_route=\/wp\/v2\/posts\/200308\/revisions"}],"predecessor-version":[{"id":200310,"href":"https:\/\/diarioregionaldigital.com.br\/index.php?rest_route=\/wp\/v2\/posts\/200308\/revisions\/200310"}],"wp:featuredmedia":[{"embeddable":true,"href":"https:\/\/diarioregionaldigital.com.br\/index.php?rest_route=\/wp\/v2\/media\/200309"}],"wp:attachment":[{"href":"https:\/\/diarioregionaldigital.com.br\/index.php?rest_route=%2Fwp%2Fv2%2Fmedia&parent=200308"}],"wp:term":[{"taxonomy":"category","embeddable":true,"href":"https:\/\/diarioregionaldigital.com.br\/index.php?rest_route=%2Fwp%2Fv2%2Fcategories&post=200308"},{"taxonomy":"post_tag","embeddable":true,"href":"https:\/\/diarioregionaldigital.com.br\/index.php?rest_route=%2Fwp%2Fv2%2Ftags&post=200308"}],"curies":[{"name":"wp","href":"https:\/\/api.w.org\/{rel}","templated":true}]}}