{"id":200304,"date":"2022-06-15T01:22:36","date_gmt":"2022-06-15T04:22:36","guid":{"rendered":"https:\/\/diarioregionaldigital.com.br\/?p=200304"},"modified":"2022-06-15T01:22:36","modified_gmt":"2022-06-15T04:22:36","slug":"prefeitura-municipal-de-descoberto-extrato-de-contrato-15-06-2022","status":"publish","type":"post","link":"https:\/\/diarioregionaldigital.com.br\/?p=200304","title":{"rendered":"Prefeitura Municipal de Descoberto &#8211; Extrato de Contrato &#8211; 15\/06\/2022"},"content":{"rendered":"<p style=\"text-align: center;\"><strong>EXTRATO DE CONTRATO<\/strong><\/p>\n<p style=\"text-align: center;\">Pref. Municipal de Descoberto x Titoneli Ve\u00edculos Ltda \u2013 Aquisi\u00e7\u00e3o de ve\u00edculo 0 km para atendimento das demandas do gabinete do prefeito\u2013 Fundamento: Preg\u00e3o n\u00ba 014\/2022 &#8211;\u00a0 Valor Global: 117.200,00 &#8211; \u00a0Vig\u00eancia: 1 m\u00eas &#8211;\u00a0 Dot or\u00e7: 02.02001.04.122.0002.101-449052 &#8211; \/ 100- \u00a0Ass: 13\/06\/2022 &#8211; Foro: S\u00e3o Jo\u00e3o Nepomuceno\/MG.<\/p>\n<p style=\"text-align: center;\"><strong>Marcos de Ara\u00fajo Lima<\/strong><\/p>\n<p style=\"text-align: center;\"><strong>Prefeito Municipal<\/strong><\/p>\n","protected":false},"excerpt":{"rendered":"<p>EXTRATO DE CONTRATO Pref. Municipal de Descoberto x Titoneli Ve\u00edculos Ltda \u2013 Aquisi\u00e7\u00e3o de ve\u00edculo 0 km para atendimento das demandas do gabinete do prefeito\u2013 Fundamento: Preg\u00e3o n\u00ba 014\/2022 &#8211;\u00a0 Valor Global: 117.200,00 &#8211; \u00a0Vig\u00eancia: 1 m\u00eas &#8211;\u00a0 Dot or\u00e7: 02.02001.04.122.0002.101-449052 &#8211; \/ 100- \u00a0Ass: 13\/06\/2022 &#8211; Foro: S\u00e3o Jo\u00e3o Nepomuceno\/MG. Marcos de Ara\u00fajo Lima [&hellip;]<\/p>\n","protected":false},"author":96,"featured_media":0,"comment_status":"closed","ping_status":"closed","sticky":false,"template":"","format":"standard","meta":{"footnotes":""},"categories":[307],"tags":[],"class_list":["post-200304","post","type-post","status-publish","format-standard","hentry","category-editais"],"_links":{"self":[{"href":"https:\/\/diarioregionaldigital.com.br\/index.php?rest_route=\/wp\/v2\/posts\/200304","targetHints":{"allow":["GET"]}}],"collection":[{"href":"https:\/\/diarioregionaldigital.com.br\/index.php?rest_route=\/wp\/v2\/posts"}],"about":[{"href":"https:\/\/diarioregionaldigital.com.br\/index.php?rest_route=\/wp\/v2\/types\/post"}],"author":[{"embeddable":true,"href":"https:\/\/diarioregionaldigital.com.br\/index.php?rest_route=\/wp\/v2\/users\/96"}],"replies":[{"embeddable":true,"href":"https:\/\/diarioregionaldigital.com.br\/index.php?rest_route=%2Fwp%2Fv2%2Fcomments&post=200304"}],"version-history":[{"count":1,"href":"https:\/\/diarioregionaldigital.com.br\/index.php?rest_route=\/wp\/v2\/posts\/200304\/revisions"}],"predecessor-version":[{"id":200305,"href":"https:\/\/diarioregionaldigital.com.br\/index.php?rest_route=\/wp\/v2\/posts\/200304\/revisions\/200305"}],"wp:attachment":[{"href":"https:\/\/diarioregionaldigital.com.br\/index.php?rest_route=%2Fwp%2Fv2%2Fmedia&parent=200304"}],"wp:term":[{"taxonomy":"category","embeddable":true,"href":"https:\/\/diarioregionaldigital.com.br\/index.php?rest_route=%2Fwp%2Fv2%2Fcategories&post=200304"},{"taxonomy":"post_tag","embeddable":true,"href":"https:\/\/diarioregionaldigital.com.br\/index.php?rest_route=%2Fwp%2Fv2%2Ftags&post=200304"}],"curies":[{"name":"wp","href":"https:\/\/api.w.org\/{rel}","templated":true}]}}