{"id":200291,"date":"2022-06-14T21:22:40","date_gmt":"2022-06-15T00:22:40","guid":{"rendered":"https:\/\/diarioregionaldigital.com.br\/?p=200291"},"modified":"2022-06-15T14:27:29","modified_gmt":"2022-06-15T17:27:29","slug":"reorganizacao-no-acesso-as-dependencias-da-se","status":"publish","type":"post","link":"https:\/\/diarioregionaldigital.com.br\/?p=200291","title":{"rendered":"PJF encerra semana de Meio Ambiente com a\u00e7\u00f5es de educa\u00e7\u00e3o ambiental e entretenimento"},"content":{"rendered":"<p>Segundo informa\u00e7\u00f5es do site da Prefeitura de Juiz de Fora (PJF), a Prefeitura de Juiz de Fora (PJF) encerrou neste domingo, 12, no Parque da Lajinha, as festividades em comemora\u00e7\u00e3o \u00e0 Semana do Meio Ambiente. Durante o evento, foram realizadas diversas atividades de educa\u00e7\u00e3o ambiental e entretenimento, como exposi\u00e7\u00f5es, feiras, visita orientada, esta\u00e7\u00e3o de leitura, show musical, entre outras.<\/p>\n<p>A comemora\u00e7\u00e3o foi organizada pela Secretaria de Sustentabilidade em Meio Ambiente e Atividades Urbanas (Sesmaur) com o apoio das\u00a0Secretaria de Agricultura, Pecu\u00e1ria e Abastecimento\u00a0(Seapa), Seguran\u00e7a Urbana e Cidadania (Sesuc) e tamb\u00e9m da Secretaria de Sa\u00fade (SS) e Funda\u00e7\u00e3o Cultural Alfredo Ferreira Lage (Funalfa).<\/p>\n<p>Durante a programa\u00e7\u00e3o, os visitantes do Parque puderam participar da feira de produtos agroecol\u00f3gicos e org\u00e2nicos, organizada pela Seapa. A Sesuc marcou presen\u00e7a com o projeto Esta\u00e7\u00e3o da Leitura, oferecendo livros infantis ao p\u00fablico interessado em ler, trocar ou doar novos exemplares para o projeto. Entre as atividades, tamb\u00e9m se destacaram a exposi\u00e7\u00e3o de animais pe\u00e7onhentos, organizada pela Secretaria de Sa\u00fade, a Exposi\u00e7\u00e3o de pain\u00e9is sobre o Rio Paraibuna e a escultura \u201cCapivara de Tr\u00f3ia\u201d, o painel ambiental organizado pelos volunt\u00e1rios do Parque da Lajinha, e a visita orientada, a\u00e7\u00e3o importante realizada pelo Departamento de Educa\u00e7\u00e3o Ambiental e Prote\u00e7\u00e3o dos Recursos Naturais (Deapren), da Sesmaur, que tem como objetivo despertar a consci\u00eancia para a preserva\u00e7\u00e3o atrav\u00e9s do conhecimento da hist\u00f3ria e das grandezas naturais do local.<\/p>\n<p>O encerramento foi marcado pelo show &#8220;Tocando no seu cora\u00e7\u00e3o&#8221; com Marcus Amaral e Ad\u00e9lia Soares, organizado pela Funalfa.<br \/>\n<strong>Semana de Meio Ambiente<\/strong><br \/>\nNo munic\u00edpio, as comemora\u00e7\u00f5es da Semana de Meio Ambiente tiveram in\u00edcio no dia 4 de junho.\u00a0 O tema escolhido pelo Programa das Na\u00e7\u00f5es Unidas para o Meio Ambiente (Pnuma) foi \u201cUma s\u00f3 Terra\u201d, ressaltando a import\u00e2ncia da sociedade buscar uma vida sustent\u00e1vel em harmonia com a natureza.\u00a0 A PJF realizou uma s\u00e9rie de a\u00e7\u00f5es de conscientiza\u00e7\u00e3o, envolvendo\u00a0 sa\u00fade, educa\u00e7\u00e3o, consumo de alimentos org\u00e2nicos e agroecol\u00f3gicos e preserva\u00e7\u00e3o ambiental.<\/p>\n<p>No domingo, 5, no Parque da Lajinha,\u00a0<a href=\"https:\/\/www.pjf.mg.gov.br\/noticias\/view.php?modo=link2&amp;idnoticia2=75605\"><strong>a prefeita Margarida Salom\u00e3o assinou documentos importantes para o munic\u00edpio<\/strong><\/a>: o decreto relacionado \u00e0 regra de uso do Parque Municipal da Lajinha e tamb\u00e9m, o de\u00a0<a href=\"https:\/\/www.pjf.mg.gov.br\/noticias\/view.php?modo=link2&amp;idnoticia2=75612\"><strong>cria\u00e7\u00e3o do Monumento Natural do Morro do Cristo<\/strong><\/a>\u00a0e o da contrata\u00e7\u00e3o do Plano Municipal da Mata Atl\u00e2ntica.<\/p>\n","protected":false},"excerpt":{"rendered":"<p>Segundo informa\u00e7\u00f5es do site da Prefeitura de Juiz de Fora (PJF), a Prefeitura de Juiz de Fora (PJF) encerrou neste domingo, 12, no Parque da Lajinha, as festividades em comemora\u00e7\u00e3o \u00e0 Semana do Meio Ambiente. Durante o evento, foram realizadas diversas atividades de educa\u00e7\u00e3o ambiental e entretenimento, como exposi\u00e7\u00f5es, feiras, visita orientada, esta\u00e7\u00e3o de leitura, [&hellip;]<\/p>\n","protected":false},"author":246,"featured_media":200292,"comment_status":"closed","ping_status":"closed","sticky":false,"template":"","format":"standard","meta":{"footnotes":""},"categories":[253,436,439],"tags":[],"class_list":["post-200291","post","type-post","status-publish","format-standard","has-post-thumbnail","hentry","category-cidade","category-destaque-da-semana","category-ultima-hora"],"_links":{"self":[{"href":"https:\/\/diarioregionaldigital.com.br\/index.php?rest_route=\/wp\/v2\/posts\/200291","targetHints":{"allow":["GET"]}}],"collection":[{"href":"https:\/\/diarioregionaldigital.com.br\/index.php?rest_route=\/wp\/v2\/posts"}],"about":[{"href":"https:\/\/diarioregionaldigital.com.br\/index.php?rest_route=\/wp\/v2\/types\/post"}],"author":[{"embeddable":true,"href":"https:\/\/diarioregionaldigital.com.br\/index.php?rest_route=\/wp\/v2\/users\/246"}],"replies":[{"embeddable":true,"href":"https:\/\/diarioregionaldigital.com.br\/index.php?rest_route=%2Fwp%2Fv2%2Fcomments&post=200291"}],"version-history":[{"count":2,"href":"https:\/\/diarioregionaldigital.com.br\/index.php?rest_route=\/wp\/v2\/posts\/200291\/revisions"}],"predecessor-version":[{"id":200311,"href":"https:\/\/diarioregionaldigital.com.br\/index.php?rest_route=\/wp\/v2\/posts\/200291\/revisions\/200311"}],"wp:featuredmedia":[{"embeddable":true,"href":"https:\/\/diarioregionaldigital.com.br\/index.php?rest_route=\/wp\/v2\/media\/200292"}],"wp:attachment":[{"href":"https:\/\/diarioregionaldigital.com.br\/index.php?rest_route=%2Fwp%2Fv2%2Fmedia&parent=200291"}],"wp:term":[{"taxonomy":"category","embeddable":true,"href":"https:\/\/diarioregionaldigital.com.br\/index.php?rest_route=%2Fwp%2Fv2%2Fcategories&post=200291"},{"taxonomy":"post_tag","embeddable":true,"href":"https:\/\/diarioregionaldigital.com.br\/index.php?rest_route=%2Fwp%2Fv2%2Ftags&post=200291"}],"curies":[{"name":"wp","href":"https:\/\/api.w.org\/{rel}","templated":true}]}}