{"id":200287,"date":"2022-06-14T21:18:57","date_gmt":"2022-06-15T00:18:57","guid":{"rendered":"https:\/\/diarioregionaldigital.com.br\/?p=200287"},"modified":"2022-06-14T21:18:57","modified_gmt":"2022-06-15T00:18:57","slug":"programa-boniteza-instala-luminarias-led-em-pirapetinga","status":"publish","type":"post","link":"https:\/\/diarioregionaldigital.com.br\/?p=200287","title":{"rendered":"Programa Boniteza instala lumin\u00e1rias LED em Pirapetinga"},"content":{"rendered":"<p>Segundo informa\u00e7\u00f5es do site da Prefeitura de Juiz de Fora (PJF), o\u00a0Programa Boniteza da Prefeitura de Juiz de Fora (PJF) deu in\u00edcio, nesta ter\u00e7a-feira, 14, \u00e0s instala\u00e7\u00f5es das novas lumin\u00e1rias LED no distrito de Pirapetinga, na Zona Rural da cidade.<\/p>\n<p>Tamb\u00e9m nesta segunda-feira, 13, equipes da Secretaria de Obras (SO) da PJF realizaram a instala\u00e7\u00e3o das\u00a0lumin\u00e1rias\u00a0LED no escad\u00e3o ao lado da Igreja Nossa Senhora do L\u00edbano, no Bairro Graja\u00fa e\u00a0no escad\u00e3o da Rua Augusto Vicente Vieira, no mesmo local.<\/p>\n<p>Por meio do Programa Boniteza e do Brilha JF, em 2021 foram instaladas mais de 1.500 lumin\u00e1rias de LED em vias estrat\u00e9gicas da cidade como a Avenida JK; Avenida Itamar Franco; Avenida Get\u00falio Vargas; Avenida Brasil, at\u00e9 o viaduto da\u00a0BD;\u00a0Avenida Governador Valadares; Rua S\u00e3o Mateus; Rua Ibitiguaia; Rua Benjamin Constant; Rua Ces\u00e1rio Alvim; Avenida Francisco Bernardino; Rua Paulo Frontin; Rua Doutor Prisco; Estrada Engenheiro Gentil Forn; Rua Jos\u00e9 Louren\u00e7o Kelmer, entre a Ponte Casablanca e a UFJF; acesso \u00e0 Nova Benfica pela Rua Martins Barbosa, Viaduto Augusto Franco e Viaduto Ramirez Gonzales, al\u00e9m de diversas pra\u00e7as da cidade.<br \/>\n<strong>Gabinete de A\u00e7\u00e3o e Di\u00e1logo Comunit\u00e1rio<\/strong><br \/>\nAs a\u00e7\u00f5es da SO s\u00e3o realizadas atrav\u00e9s do\u00a0<a href=\"https:\/\/www.pjf.mg.gov.br\/gabinetecomunitario\/\" target=\"_blank\" rel=\"noopener\"><strong>Gabinete de A\u00e7\u00e3o e Di\u00e1logo Comunit\u00e1rio<\/strong><\/a>, que recebe demandas de melhorias urbanas pelo n\u00famero (32) 3690-7241, por liga\u00e7\u00e3o ou WhatsApp.<br \/>\nNo site do gabinete, est\u00e3o dispon\u00edveis informa\u00e7\u00f5es atualizadas diariamente sobre os servi\u00e7os realizados pelas secretarias de Obras; de Sustentabilidade em Meio Ambiente e Atividades Urbanas (Sesmaur); de Mobilidade Urbana (SMU); e pela Empresa Municipal de Pavimenta\u00e7\u00e3o e Urbaniza\u00e7\u00e3o (Empav); Departamento Municipal de Limpeza Urbana (Demlurb); e Companhia de Saneamento Municipal (Cesama).<\/p>\n","protected":false},"excerpt":{"rendered":"<p>Segundo informa\u00e7\u00f5es do site da Prefeitura de Juiz de Fora (PJF), o\u00a0Programa Boniteza da Prefeitura de Juiz de Fora (PJF) deu in\u00edcio, nesta ter\u00e7a-feira, 14, \u00e0s instala\u00e7\u00f5es das novas lumin\u00e1rias LED no distrito de Pirapetinga, na Zona Rural da cidade. Tamb\u00e9m nesta segunda-feira, 13, equipes da Secretaria de Obras (SO) da PJF realizaram a instala\u00e7\u00e3o [&hellip;]<\/p>\n","protected":false},"author":246,"featured_media":200288,"comment_status":"closed","ping_status":"closed","sticky":false,"template":"","format":"standard","meta":{"footnotes":""},"categories":[253,436,439],"tags":[],"class_list":["post-200287","post","type-post","status-publish","format-standard","has-post-thumbnail","hentry","category-cidade","category-destaque-da-semana","category-ultima-hora"],"_links":{"self":[{"href":"https:\/\/diarioregionaldigital.com.br\/index.php?rest_route=\/wp\/v2\/posts\/200287","targetHints":{"allow":["GET"]}}],"collection":[{"href":"https:\/\/diarioregionaldigital.com.br\/index.php?rest_route=\/wp\/v2\/posts"}],"about":[{"href":"https:\/\/diarioregionaldigital.com.br\/index.php?rest_route=\/wp\/v2\/types\/post"}],"author":[{"embeddable":true,"href":"https:\/\/diarioregionaldigital.com.br\/index.php?rest_route=\/wp\/v2\/users\/246"}],"replies":[{"embeddable":true,"href":"https:\/\/diarioregionaldigital.com.br\/index.php?rest_route=%2Fwp%2Fv2%2Fcomments&post=200287"}],"version-history":[{"count":2,"href":"https:\/\/diarioregionaldigital.com.br\/index.php?rest_route=\/wp\/v2\/posts\/200287\/revisions"}],"predecessor-version":[{"id":200290,"href":"https:\/\/diarioregionaldigital.com.br\/index.php?rest_route=\/wp\/v2\/posts\/200287\/revisions\/200290"}],"wp:featuredmedia":[{"embeddable":true,"href":"https:\/\/diarioregionaldigital.com.br\/index.php?rest_route=\/wp\/v2\/media\/200288"}],"wp:attachment":[{"href":"https:\/\/diarioregionaldigital.com.br\/index.php?rest_route=%2Fwp%2Fv2%2Fmedia&parent=200287"}],"wp:term":[{"taxonomy":"category","embeddable":true,"href":"https:\/\/diarioregionaldigital.com.br\/index.php?rest_route=%2Fwp%2Fv2%2Fcategories&post=200287"},{"taxonomy":"post_tag","embeddable":true,"href":"https:\/\/diarioregionaldigital.com.br\/index.php?rest_route=%2Fwp%2Fv2%2Ftags&post=200287"}],"curies":[{"name":"wp","href":"https:\/\/api.w.org\/{rel}","templated":true}]}}